{"id":2791,"date":"2021-10-14T16:37:10","date_gmt":"2021-10-14T14:37:10","guid":{"rendered":"https:\/\/agora.xtec.cat\/esc-sant-esteve-de-guialbes\/?p=2791"},"modified":"2021-10-15T11:57:04","modified_gmt":"2021-10-15T09:57:04","slug":"anellem-ocells","status":"publish","type":"post","link":"https:\/\/agora.xtec.cat\/esc-sant-esteve-de-guialbes\/general\/anellem-ocells\/","title":{"rendered":"ANELLEM OCELLS"},"content":{"rendered":"<p><a style=\"color: #2795b6;\" href=\"https:\/\/agora.xtec.cat\/esc-sant-esteve-de-guialbes\/wp-content\/uploads\/usu1805\/2021\/10\/WhatsApp-Image-2021-10-13-at-18.34.49.jpeg\"><img loading=\"lazy\" decoding=\"async\" class=\"wp-image-2792 alignleft\" src=\"https:\/\/agora.xtec.cat\/esc-sant-esteve-de-guialbes\/wp-content\/uploads\/usu1805\/2021\/10\/WhatsApp-Image-2021-10-13-at-18.34.49-768x1024.jpeg\" alt=\"\" width=\"389\" height=\"518\" srcset=\"https:\/\/agora.xtec.cat\/esc-sant-esteve-de-guialbes\/wp-content\/uploads\/usu1805\/2021\/10\/WhatsApp-Image-2021-10-13-at-18.34.49-768x1024.jpeg 768w, https:\/\/agora.xtec.cat\/esc-sant-esteve-de-guialbes\/wp-content\/uploads\/usu1805\/2021\/10\/WhatsApp-Image-2021-10-13-at-18.34.49-225x300.jpeg 225w, https:\/\/agora.xtec.cat\/esc-sant-esteve-de-guialbes\/wp-content\/uploads\/usu1805\/2021\/10\/WhatsApp-Image-2021-10-13-at-18.34.49-1152x1536.jpeg 1152w, https:\/\/agora.xtec.cat\/esc-sant-esteve-de-guialbes\/wp-content\/uploads\/usu1805\/2021\/10\/WhatsApp-Image-2021-10-13-at-18.34.49.jpeg 1536w\" sizes=\"auto, (max-width: 389px) 100vw, 389px\" \/><\/a><\/p>\n<p>El dimecres passat tota l&#8217;escola vam tenir el plaer de realitzar un anellament d&#8217;ocells.<\/p>\n<p>Vam anar al bosc on l&#8217;Alba ens va explicar la seva feina, perqu\u00e8 es feien els anellaments i els diferents passos que havia de seguir:<br \/>\n&#8211; col\u00b7locar l&#8217;anella<br \/>\n&#8211; identificar l&#8217;esp\u00e8cie<br \/>\n&#8211; el sexe i edat si era observable<br \/>\n&#8211; mesurar la ploma m\u00e9s llarga de l&#8217;ala<br \/>\n&#8211; anotar el\u00a0pes.<\/p>\n<p>L&#8217;Alba ens va deixar veure les anelles que posava els ocells i les vam poder tocar per comprovar de qu\u00e8 estaven fetes, quan pesaven i qu\u00e8 tenien escrit.<\/p>\n<p>Vam veure alguns ocells que ja coneix\u00edem i vam identificar r\u00e0pidament i altres que no coneix\u00edem tant, per\u00f2\u00a0que amb alguna petita pista vam descobrir.<\/p>\n<p>Tamb\u00e9 vam poder anar a veure les xarxes que l&#8217;Alba utilitza per atrapar els ocells que anella i vam ajudar a l&#8217;Alba a tornar a deixar els ocells anellats en llibertat.<\/p>\n<p>D&#8217;aqu\u00ed a dos anys hi tornarem i a veure si ens creuem amb alguns dels ocells que hem anellat.<\/p>\n<p>Podreu trobar m\u00e9s fotos d&#8217;aquesta activitat a l&#8217;apartat de fotos de la web.<\/p>\n<p><a href=\"https:\/\/agora.xtec.cat\/esc-sant-esteve-de-guialbes\/wp-content\/uploads\/usu1805\/2021\/10\/WhatsApp-Image-2021-10-13-at-18.34.41.jpeg\"><img loading=\"lazy\" decoding=\"async\" class=\"alignnone wp-image-2793\" src=\"https:\/\/agora.xtec.cat\/esc-sant-esteve-de-guialbes\/wp-content\/uploads\/usu1805\/2021\/10\/WhatsApp-Image-2021-10-13-at-18.34.41-768x1024.jpeg\" alt=\"\" width=\"471\" height=\"628\" srcset=\"https:\/\/agora.xtec.cat\/esc-sant-esteve-de-guialbes\/wp-content\/uploads\/usu1805\/2021\/10\/WhatsApp-Image-2021-10-13-at-18.34.41-768x1024.jpeg 768w, https:\/\/agora.xtec.cat\/esc-sant-esteve-de-guialbes\/wp-content\/uploads\/usu1805\/2021\/10\/WhatsApp-Image-2021-10-13-at-18.34.41-225x300.jpeg 225w, https:\/\/agora.xtec.cat\/esc-sant-esteve-de-guialbes\/wp-content\/uploads\/usu1805\/2021\/10\/WhatsApp-Image-2021-10-13-at-18.34.41-1152x1536.jpeg 1152w, https:\/\/agora.xtec.cat\/esc-sant-esteve-de-guialbes\/wp-content\/uploads\/usu1805\/2021\/10\/WhatsApp-Image-2021-10-13-at-18.34.41.jpeg 1536w\" sizes=\"auto, (max-width: 471px) 100vw, 471px\" \/><\/a> <a href=\"https:\/\/agora.xtec.cat\/esc-sant-esteve-de-guialbes\/wp-content\/uploads\/usu1805\/2021\/10\/WhatsApp-Image-2021-10-13-at-18.34.39.jpeg\"><img loading=\"lazy\" decoding=\"async\" class=\"alignnone wp-image-2794\" src=\"https:\/\/agora.xtec.cat\/esc-sant-esteve-de-guialbes\/wp-content\/uploads\/usu1805\/2021\/10\/WhatsApp-Image-2021-10-13-at-18.34.39-768x1024.jpeg\" alt=\"\" width=\"473\" height=\"631\" srcset=\"https:\/\/agora.xtec.cat\/esc-sant-esteve-de-guialbes\/wp-content\/uploads\/usu1805\/2021\/10\/WhatsApp-Image-2021-10-13-at-18.34.39-768x1024.jpeg 768w, https:\/\/agora.xtec.cat\/esc-sant-esteve-de-guialbes\/wp-content\/uploads\/usu1805\/2021\/10\/WhatsApp-Image-2021-10-13-at-18.34.39-225x300.jpeg 225w, https:\/\/agora.xtec.cat\/esc-sant-esteve-de-guialbes\/wp-content\/uploads\/usu1805\/2021\/10\/WhatsApp-Image-2021-10-13-at-18.34.39-1152x1536.jpeg 1152w, https:\/\/agora.xtec.cat\/esc-sant-esteve-de-guialbes\/wp-content\/uploads\/usu1805\/2021\/10\/WhatsApp-Image-2021-10-13-at-18.34.39.jpeg 1536w\" sizes=\"auto, (max-width: 473px) 100vw, 473px\" \/><\/a><\/p>\n","protected":false},"excerpt":{"rendered":"<p>El dimecres passat tota l&#8217;escola vam tenir el plaer de realitzar un anellament d&#8217;ocells. Vam anar al bosc on l&#8217;Alba [&hellip;]<\/p>\n","protected":false},"author":1,"featured_media":2794,"comment_status":"open","ping_status":"closed","sticky":false,"template":"","format":"standard","meta":{"_bbp_topic_count":0,"_bbp_reply_count":0,"_bbp_total_topic_count":0,"_bbp_total_reply_count":0,"_bbp_voice_count":0,"_bbp_anonymous_reply_count":0,"_bbp_topic_count_hidden":0,"_bbp_reply_count_hidden":0,"_bbp_forum_subforum_count":0,"site-sidebar-layout":"default","site-content-layout":"","ast-site-content-layout":"","site-content-style":"default","site-sidebar-style":"default","ast-global-header-display":"","ast-banner-title-visibility":"","ast-main-header-display":"","ast-hfb-above-header-display":"","ast-hfb-below-header-display":"","ast-hfb-mobile-header-display":"","site-post-title":"","ast-breadcrumbs-content":"","ast-featured-img":"","footer-sml-layout":"","theme-transparent-header-meta":"","adv-header-id-meta":"","stick-header-meta":"","header-above-stick-meta":"","header-main-stick-meta":"","header-below-stick-meta":"","astra-migrate-meta-layouts":"default","ast-page-background-enabled":"default","ast-page-background-meta":{"desktop":{"background-color":"var(--ast-global-color-4)","background-image":"","background-repeat":"repeat","background-position":"center center","background-size":"auto","background-attachment":"scroll","background-type":"","background-media":"","overlay-type":"","overlay-color":"","overlay-opacity":"","overlay-gradient":""},"tablet":{"background-color":"","background-image":"","background-repeat":"repeat","background-position":"center center","background-size":"auto","background-attachment":"scroll","background-type":"","background-media":"","overlay-type":"","overlay-color":"","overlay-opacity":"","overlay-gradient":""},"mobile":{"background-color":"","background-image":"","background-repeat":"repeat","background-position":"center center","background-size":"auto","background-attachment":"scroll","background-type":"","background-media":"","overlay-type":"","overlay-color":"","overlay-opacity":"","overlay-gradient":""}},"ast-content-background-meta":{"desktop":{"background-color":"var(--ast-global-color-5)","background-image":"","background-repeat":"repeat","background-position":"center center","background-size":"auto","background-attachment":"scroll","background-type":"","background-media":"","overlay-type":"","overlay-color":"","overlay-opacity":"","overlay-gradient":""},"tablet":{"background-color":"var(--ast-global-color-5)","background-image":"","background-repeat":"repeat","background-position":"center center","background-size":"auto","background-attachment":"scroll","background-type":"","background-media":"","overlay-type":"","overlay-color":"","overlay-opacity":"","overlay-gradient":""},"mobile":{"background-color":"var(--ast-global-color-5)","background-image":"","background-repeat":"repeat","background-position":"center center","background-size":"auto","background-attachment":"scroll","background-type":"","background-media":"","overlay-type":"","overlay-color":"","overlay-opacity":"","overlay-gradient":""}},"footnotes":""},"categories":[1,2,5,122],"tags":[],"class_list":["post-2791","post","type-post","status-publish","format-standard","has-post-thumbnail","hentry","category-general","category-infantil","category-primaria","category-taller-entorn"],"post_mailing_queue_ids":[],"_links":{"self":[{"href":"https:\/\/agora.xtec.cat\/esc-sant-esteve-de-guialbes\/wp-json\/wp\/v2\/posts\/2791","targetHints":{"allow":["GET"]}}],"collection":[{"href":"https:\/\/agora.xtec.cat\/esc-sant-esteve-de-guialbes\/wp-json\/wp\/v2\/posts"}],"about":[{"href":"https:\/\/agora.xtec.cat\/esc-sant-esteve-de-guialbes\/wp-json\/wp\/v2\/types\/post"}],"author":[{"embeddable":true,"href":"https:\/\/agora.xtec.cat\/esc-sant-esteve-de-guialbes\/wp-json\/wp\/v2\/users\/1"}],"replies":[{"embeddable":true,"href":"https:\/\/agora.xtec.cat\/esc-sant-esteve-de-guialbes\/wp-json\/wp\/v2\/comments?post=2791"}],"version-history":[{"count":3,"href":"https:\/\/agora.xtec.cat\/esc-sant-esteve-de-guialbes\/wp-json\/wp\/v2\/posts\/2791\/revisions"}],"predecessor-version":[{"id":2805,"href":"https:\/\/agora.xtec.cat\/esc-sant-esteve-de-guialbes\/wp-json\/wp\/v2\/posts\/2791\/revisions\/2805"}],"wp:featuredmedia":[{"embeddable":true,"href":"https:\/\/agora.xtec.cat\/esc-sant-esteve-de-guialbes\/wp-json\/wp\/v2\/media\/2794"}],"wp:attachment":[{"href":"https:\/\/agora.xtec.cat\/esc-sant-esteve-de-guialbes\/wp-json\/wp\/v2\/media?parent=2791"}],"wp:term":[{"taxonomy":"category","embeddable":true,"href":"https:\/\/agora.xtec.cat\/esc-sant-esteve-de-guialbes\/wp-json\/wp\/v2\/categories?post=2791"},{"taxonomy":"post_tag","embeddable":true,"href":"https:\/\/agora.xtec.cat\/esc-sant-esteve-de-guialbes\/wp-json\/wp\/v2\/tags?post=2791"}],"curies":[{"name":"wp","href":"https:\/\/api.w.org\/{rel}","templated":true}]}}