{"id":2760,"date":"2021-10-06T19:14:26","date_gmt":"2021-10-06T17:14:26","guid":{"rendered":"https:\/\/agora.xtec.cat\/esc-sant-esteve-de-guialbes\/?p=2760"},"modified":"2021-10-06T19:14:26","modified_gmt":"2021-10-06T17:14:26","slug":"activitats-de-convivencia","status":"publish","type":"post","link":"https:\/\/agora.xtec.cat\/esc-sant-esteve-de-guialbes\/general\/activitats-de-convivencia\/","title":{"rendered":"ACTIVITATS DE CONVIV\u00c8NCIA"},"content":{"rendered":"<p>Els i les alumnes de 6\u00e8 de prim\u00e0ria hem estat treballant a classe amb la caixa la conviv\u00e8ncia. Aquesta caixa proposa diferents activitats per treballar la cohesi\u00f3, l&#8217;empatia o les emocions. Una d&#8217;elles consistia en elaborar un objecte en grups amb els materials proporcionats. Escoltant-nos i respectant-nos sempre. Ens ho vam passar molt b\u00e9!<\/p>\n<p><a href=\"https:\/\/agora.xtec.cat\/esc-sant-esteve-de-guialbes\/wp-content\/uploads\/usu1805\/2021\/10\/IMG_4063-min-scaled.jpg\"><img loading=\"lazy\" decoding=\"async\" class=\"alignnone size-large wp-image-2762\" src=\"https:\/\/agora.xtec.cat\/esc-sant-esteve-de-guialbes\/wp-content\/uploads\/usu1805\/2021\/10\/IMG_4063-min-1024x475.jpg\" alt=\"\" width=\"1024\" height=\"475\" srcset=\"https:\/\/agora.xtec.cat\/esc-sant-esteve-de-guialbes\/wp-content\/uploads\/usu1805\/2021\/10\/IMG_4063-min-1024x475.jpg 1024w, https:\/\/agora.xtec.cat\/esc-sant-esteve-de-guialbes\/wp-content\/uploads\/usu1805\/2021\/10\/IMG_4063-min-300x139.jpg 300w, https:\/\/agora.xtec.cat\/esc-sant-esteve-de-guialbes\/wp-content\/uploads\/usu1805\/2021\/10\/IMG_4063-min-768x357.jpg 768w, https:\/\/agora.xtec.cat\/esc-sant-esteve-de-guialbes\/wp-content\/uploads\/usu1805\/2021\/10\/IMG_4063-min-1536x713.jpg 1536w, https:\/\/agora.xtec.cat\/esc-sant-esteve-de-guialbes\/wp-content\/uploads\/usu1805\/2021\/10\/IMG_4063-min-2048x951.jpg 2048w\" sizes=\"auto, (max-width: 1024px) 100vw, 1024px\" \/><\/a> <a href=\"https:\/\/agora.xtec.cat\/esc-sant-esteve-de-guialbes\/wp-content\/uploads\/usu1805\/2021\/10\/IMG_4058-min-scaled.jpg\"><img loading=\"lazy\" decoding=\"async\" class=\"alignnone size-large wp-image-2763\" src=\"https:\/\/agora.xtec.cat\/esc-sant-esteve-de-guialbes\/wp-content\/uploads\/usu1805\/2021\/10\/IMG_4058-min-1024x768.jpg\" alt=\"\" width=\"1024\" height=\"768\" srcset=\"https:\/\/agora.xtec.cat\/esc-sant-esteve-de-guialbes\/wp-content\/uploads\/usu1805\/2021\/10\/IMG_4058-min-1024x768.jpg 1024w, https:\/\/agora.xtec.cat\/esc-sant-esteve-de-guialbes\/wp-content\/uploads\/usu1805\/2021\/10\/IMG_4058-min-300x225.jpg 300w, https:\/\/agora.xtec.cat\/esc-sant-esteve-de-guialbes\/wp-content\/uploads\/usu1805\/2021\/10\/IMG_4058-min-768x576.jpg 768w, https:\/\/agora.xtec.cat\/esc-sant-esteve-de-guialbes\/wp-content\/uploads\/usu1805\/2021\/10\/IMG_4058-min-1536x1152.jpg 1536w, https:\/\/agora.xtec.cat\/esc-sant-esteve-de-guialbes\/wp-content\/uploads\/usu1805\/2021\/10\/IMG_4058-min-2048x1536.jpg 2048w, https:\/\/agora.xtec.cat\/esc-sant-esteve-de-guialbes\/wp-content\/uploads\/usu1805\/2021\/10\/IMG_4058-min-200x150.jpg 200w\" sizes=\"auto, (max-width: 1024px) 100vw, 1024px\" \/><\/a> <a href=\"https:\/\/agora.xtec.cat\/esc-sant-esteve-de-guialbes\/wp-content\/uploads\/usu1805\/2021\/10\/IMG_4071-min-scaled.jpg\"><img loading=\"lazy\" decoding=\"async\" class=\"alignnone size-large wp-image-2764\" src=\"https:\/\/agora.xtec.cat\/esc-sant-esteve-de-guialbes\/wp-content\/uploads\/usu1805\/2021\/10\/IMG_4071-min-1024x768.jpg\" alt=\"\" width=\"1024\" height=\"768\" srcset=\"https:\/\/agora.xtec.cat\/esc-sant-esteve-de-guialbes\/wp-content\/uploads\/usu1805\/2021\/10\/IMG_4071-min-1024x768.jpg 1024w, https:\/\/agora.xtec.cat\/esc-sant-esteve-de-guialbes\/wp-content\/uploads\/usu1805\/2021\/10\/IMG_4071-min-300x225.jpg 300w, https:\/\/agora.xtec.cat\/esc-sant-esteve-de-guialbes\/wp-content\/uploads\/usu1805\/2021\/10\/IMG_4071-min-768x576.jpg 768w, https:\/\/agora.xtec.cat\/esc-sant-esteve-de-guialbes\/wp-content\/uploads\/usu1805\/2021\/10\/IMG_4071-min-1536x1152.jpg 1536w, https:\/\/agora.xtec.cat\/esc-sant-esteve-de-guialbes\/wp-content\/uploads\/usu1805\/2021\/10\/IMG_4071-min-2048x1536.jpg 2048w, https:\/\/agora.xtec.cat\/esc-sant-esteve-de-guialbes\/wp-content\/uploads\/usu1805\/2021\/10\/IMG_4071-min-200x150.jpg 200w\" sizes=\"auto, (max-width: 1024px) 100vw, 1024px\" \/><\/a><\/p>\n","protected":false},"excerpt":{"rendered":"<p>Els i les alumnes de 6\u00e8 de prim\u00e0ria hem estat treballant a classe amb la caixa la conviv\u00e8ncia. Aquesta caixa [&hellip;]<\/p>\n","protected":false},"author":116,"featured_media":2765,"comment_status":"open","ping_status":"closed","sticky":false,"template":"","format":"standard","meta":{"_bbp_topic_count":0,"_bbp_reply_count":0,"_bbp_total_topic_count":0,"_bbp_total_reply_count":0,"_bbp_voice_count":0,"_bbp_anonymous_reply_count":0,"_bbp_topic_count_hidden":0,"_bbp_reply_count_hidden":0,"_bbp_forum_subforum_count":0,"site-sidebar-layout":"default","site-content-layout":"","ast-site-content-layout":"","site-content-style":"default","site-sidebar-style":"default","ast-global-header-display":"","ast-banner-title-visibility":"","ast-main-header-display":"","ast-hfb-above-header-display":"","ast-hfb-below-header-display":"","ast-hfb-mobile-header-display":"","site-post-title":"","ast-breadcrumbs-content":"","ast-featured-img":"","footer-sml-layout":"","theme-transparent-header-meta":"","adv-header-id-meta":"","stick-header-meta":"","header-above-stick-meta":"","header-main-stick-meta":"","header-below-stick-meta":"","astra-migrate-meta-layouts":"default","ast-page-background-enabled":"default","ast-page-background-meta":{"desktop":{"background-color":"var(--ast-global-color-4)","background-image":"","background-repeat":"repeat","background-position":"center center","background-size":"auto","background-attachment":"scroll","background-type":"","background-media":"","overlay-type":"","overlay-color":"","overlay-opacity":"","overlay-gradient":""},"tablet":{"background-color":"","background-image":"","background-repeat":"repeat","background-position":"center center","background-size":"auto","background-attachment":"scroll","background-type":"","background-media":"","overlay-type":"","overlay-color":"","overlay-opacity":"","overlay-gradient":""},"mobile":{"background-color":"","background-image":"","background-repeat":"repeat","background-position":"center center","background-size":"auto","background-attachment":"scroll","background-type":"","background-media":"","overlay-type":"","overlay-color":"","overlay-opacity":"","overlay-gradient":""}},"ast-content-background-meta":{"desktop":{"background-color":"var(--ast-global-color-5)","background-image":"","background-repeat":"repeat","background-position":"center center","background-size":"auto","background-attachment":"scroll","background-type":"","background-media":"","overlay-type":"","overlay-color":"","overlay-opacity":"","overlay-gradient":""},"tablet":{"background-color":"var(--ast-global-color-5)","background-image":"","background-repeat":"repeat","background-position":"center center","background-size":"auto","background-attachment":"scroll","background-type":"","background-media":"","overlay-type":"","overlay-color":"","overlay-opacity":"","overlay-gradient":""},"mobile":{"background-color":"var(--ast-global-color-5)","background-image":"","background-repeat":"repeat","background-position":"center center","background-size":"auto","background-attachment":"scroll","background-type":"","background-media":"","overlay-type":"","overlay-color":"","overlay-opacity":"","overlay-gradient":""}},"footnotes":""},"categories":[15,1,5],"tags":[],"class_list":["post-2760","post","type-post","status-publish","format-standard","has-post-thumbnail","hentry","category-6e","category-general","category-primaria"],"post_mailing_queue_ids":[],"_links":{"self":[{"href":"https:\/\/agora.xtec.cat\/esc-sant-esteve-de-guialbes\/wp-json\/wp\/v2\/posts\/2760","targetHints":{"allow":["GET"]}}],"collection":[{"href":"https:\/\/agora.xtec.cat\/esc-sant-esteve-de-guialbes\/wp-json\/wp\/v2\/posts"}],"about":[{"href":"https:\/\/agora.xtec.cat\/esc-sant-esteve-de-guialbes\/wp-json\/wp\/v2\/types\/post"}],"author":[{"embeddable":true,"href":"https:\/\/agora.xtec.cat\/esc-sant-esteve-de-guialbes\/wp-json\/wp\/v2\/users\/116"}],"replies":[{"embeddable":true,"href":"https:\/\/agora.xtec.cat\/esc-sant-esteve-de-guialbes\/wp-json\/wp\/v2\/comments?post=2760"}],"version-history":[{"count":1,"href":"https:\/\/agora.xtec.cat\/esc-sant-esteve-de-guialbes\/wp-json\/wp\/v2\/posts\/2760\/revisions"}],"predecessor-version":[{"id":2766,"href":"https:\/\/agora.xtec.cat\/esc-sant-esteve-de-guialbes\/wp-json\/wp\/v2\/posts\/2760\/revisions\/2766"}],"wp:featuredmedia":[{"embeddable":true,"href":"https:\/\/agora.xtec.cat\/esc-sant-esteve-de-guialbes\/wp-json\/wp\/v2\/media\/2765"}],"wp:attachment":[{"href":"https:\/\/agora.xtec.cat\/esc-sant-esteve-de-guialbes\/wp-json\/wp\/v2\/media?parent=2760"}],"wp:term":[{"taxonomy":"category","embeddable":true,"href":"https:\/\/agora.xtec.cat\/esc-sant-esteve-de-guialbes\/wp-json\/wp\/v2\/categories?post=2760"},{"taxonomy":"post_tag","embeddable":true,"href":"https:\/\/agora.xtec.cat\/esc-sant-esteve-de-guialbes\/wp-json\/wp\/v2\/tags?post=2760"}],"curies":[{"name":"wp","href":"https:\/\/api.w.org\/{rel}","templated":true}]}}