{"id":2222,"date":"2020-12-11T16:06:04","date_gmt":"2020-12-11T15:06:04","guid":{"rendered":"http:\/\/agora.xtec.cat\/esc-sant-esteve-de-guialbes\/?p=2222"},"modified":"2020-12-11T16:06:04","modified_gmt":"2020-12-11T15:06:04","slug":"aprenent-dels-ocells","status":"publish","type":"post","link":"https:\/\/agora.xtec.cat\/esc-sant-esteve-de-guialbes\/general\/aprenent-dels-ocells\/","title":{"rendered":"APRENENT DELS OCELLS"},"content":{"rendered":"<p>La classe de segon estem investigant els ocells per aconseguir poder tornar-los a observar des de l&#8217;escola.<\/p>\n<p>Aquest dimecres va venir en Xavi Vizcaino a fer-nos dos tallers vinculats amb el tema, primer de tot ens va explicar quins ocells podr\u00edem observar per la nostra zona i vam construir una menjadora entre tota la classe i despr\u00e9s per grups vam fer un taller de construcci\u00f3 de caixes niu. En total en vam construir tres. Ara ens falta pintar-les i portar-les al que ser\u00e0 el seu lloc.<\/p>\n<p>Quan les tinguem a lloc us compartirem els resultats, esperem que aquests recursos ens permetin seguir aprenent dels ocells que tenim al nostre entorn.<\/p>\n<p>&nbsp;<\/p>\n<p><a href=\"https:\/\/agora.xtec.cat\/esc-sant-esteve-de-guialbes\/wp-content\/uploads\/usu1805\/2020\/12\/IMG_20201209_103645_853.jpg\"><img loading=\"lazy\" decoding=\"async\" class=\"alignnone size-large wp-image-2223\" src=\"https:\/\/agora.xtec.cat\/esc-sant-esteve-de-guialbes\/wp-content\/uploads\/usu1805\/2020\/12\/IMG_20201209_103645_853-768x1024.jpg\" alt=\"\" width=\"768\" height=\"1024\" srcset=\"https:\/\/agora.xtec.cat\/esc-sant-esteve-de-guialbes\/wp-content\/uploads\/usu1805\/2020\/12\/IMG_20201209_103645_853-768x1024.jpg 768w, https:\/\/agora.xtec.cat\/esc-sant-esteve-de-guialbes\/wp-content\/uploads\/usu1805\/2020\/12\/IMG_20201209_103645_853-225x300.jpg 225w\" sizes=\"auto, (max-width: 768px) 100vw, 768px\" \/><\/a><\/p>\n","protected":false},"excerpt":{"rendered":"<p>La classe de segon estem investigant els ocells per aconseguir poder tornar-los a observar des de l&#8217;escola. Aquest dimecres va [&hellip;]<\/p>\n","protected":false},"author":1,"featured_media":2223,"comment_status":"open","ping_status":"closed","sticky":false,"template":"","format":"standard","meta":{"_bbp_topic_count":0,"_bbp_reply_count":0,"_bbp_total_topic_count":0,"_bbp_total_reply_count":0,"_bbp_voice_count":0,"_bbp_anonymous_reply_count":0,"_bbp_topic_count_hidden":0,"_bbp_reply_count_hidden":0,"_bbp_forum_subforum_count":0,"site-sidebar-layout":"default","site-content-layout":"","ast-site-content-layout":"","site-content-style":"default","site-sidebar-style":"default","ast-global-header-display":"","ast-banner-title-visibility":"","ast-main-header-display":"","ast-hfb-above-header-display":"","ast-hfb-below-header-display":"","ast-hfb-mobile-header-display":"","site-post-title":"","ast-breadcrumbs-content":"","ast-featured-img":"","footer-sml-layout":"","theme-transparent-header-meta":"","adv-header-id-meta":"","stick-header-meta":"","header-above-stick-meta":"","header-main-stick-meta":"","header-below-stick-meta":"","astra-migrate-meta-layouts":"default","ast-page-background-enabled":"default","ast-page-background-meta":{"desktop":{"background-color":"var(--ast-global-color-4)","background-image":"","background-repeat":"repeat","background-position":"center center","background-size":"auto","background-attachment":"scroll","background-type":"","background-media":"","overlay-type":"","overlay-color":"","overlay-opacity":"","overlay-gradient":""},"tablet":{"background-color":"","background-image":"","background-repeat":"repeat","background-position":"center center","background-size":"auto","background-attachment":"scroll","background-type":"","background-media":"","overlay-type":"","overlay-color":"","overlay-opacity":"","overlay-gradient":""},"mobile":{"background-color":"","background-image":"","background-repeat":"repeat","background-position":"center center","background-size":"auto","background-attachment":"scroll","background-type":"","background-media":"","overlay-type":"","overlay-color":"","overlay-opacity":"","overlay-gradient":""}},"ast-content-background-meta":{"desktop":{"background-color":"var(--ast-global-color-5)","background-image":"","background-repeat":"repeat","background-position":"center center","background-size":"auto","background-attachment":"scroll","background-type":"","background-media":"","overlay-type":"","overlay-color":"","overlay-opacity":"","overlay-gradient":""},"tablet":{"background-color":"var(--ast-global-color-5)","background-image":"","background-repeat":"repeat","background-position":"center center","background-size":"auto","background-attachment":"scroll","background-type":"","background-media":"","overlay-type":"","overlay-color":"","overlay-opacity":"","overlay-gradient":""},"mobile":{"background-color":"var(--ast-global-color-5)","background-image":"","background-repeat":"repeat","background-position":"center center","background-size":"auto","background-attachment":"scroll","background-type":"","background-media":"","overlay-type":"","overlay-color":"","overlay-opacity":"","overlay-gradient":""}},"footnotes":""},"categories":[158,1,5],"tags":[],"class_list":["post-2222","post","type-post","status-publish","format-standard","has-post-thumbnail","hentry","category-2n","category-general","category-primaria"],"post_mailing_queue_ids":[],"_links":{"self":[{"href":"https:\/\/agora.xtec.cat\/esc-sant-esteve-de-guialbes\/wp-json\/wp\/v2\/posts\/2222","targetHints":{"allow":["GET"]}}],"collection":[{"href":"https:\/\/agora.xtec.cat\/esc-sant-esteve-de-guialbes\/wp-json\/wp\/v2\/posts"}],"about":[{"href":"https:\/\/agora.xtec.cat\/esc-sant-esteve-de-guialbes\/wp-json\/wp\/v2\/types\/post"}],"author":[{"embeddable":true,"href":"https:\/\/agora.xtec.cat\/esc-sant-esteve-de-guialbes\/wp-json\/wp\/v2\/users\/1"}],"replies":[{"embeddable":true,"href":"https:\/\/agora.xtec.cat\/esc-sant-esteve-de-guialbes\/wp-json\/wp\/v2\/comments?post=2222"}],"version-history":[{"count":1,"href":"https:\/\/agora.xtec.cat\/esc-sant-esteve-de-guialbes\/wp-json\/wp\/v2\/posts\/2222\/revisions"}],"predecessor-version":[{"id":2224,"href":"https:\/\/agora.xtec.cat\/esc-sant-esteve-de-guialbes\/wp-json\/wp\/v2\/posts\/2222\/revisions\/2224"}],"wp:featuredmedia":[{"embeddable":true,"href":"https:\/\/agora.xtec.cat\/esc-sant-esteve-de-guialbes\/wp-json\/wp\/v2\/media\/2223"}],"wp:attachment":[{"href":"https:\/\/agora.xtec.cat\/esc-sant-esteve-de-guialbes\/wp-json\/wp\/v2\/media?parent=2222"}],"wp:term":[{"taxonomy":"category","embeddable":true,"href":"https:\/\/agora.xtec.cat\/esc-sant-esteve-de-guialbes\/wp-json\/wp\/v2\/categories?post=2222"},{"taxonomy":"post_tag","embeddable":true,"href":"https:\/\/agora.xtec.cat\/esc-sant-esteve-de-guialbes\/wp-json\/wp\/v2\/tags?post=2222"}],"curies":[{"name":"wp","href":"https:\/\/api.w.org\/{rel}","templated":true}]}}