{"id":1902,"date":"2020-05-11T19:00:08","date_gmt":"2020-05-11T17:00:08","guid":{"rendered":"http:\/\/agora.xtec.cat\/esc-sant-esteve-de-guialbes\/?p=1902"},"modified":"2020-05-14T19:41:53","modified_gmt":"2020-05-14T17:41:53","slug":"preinscripcio-curs-2020-2021","status":"publish","type":"post","link":"https:\/\/agora.xtec.cat\/esc-sant-esteve-de-guialbes\/general\/preinscripcio-curs-2020-2021\/","title":{"rendered":"PREINSCRIPCI\u00d3 CURS 2020 &#8211; 2021"},"content":{"rendered":"<div dir=\"ltr\"><a href=\"https:\/\/agora.xtec.cat\/esc-sant-esteve-de-guialbes\/wp-content\/uploads\/usu1805\/2020\/05\/preinscripcio.png\"><img loading=\"lazy\" decoding=\"async\" class=\"alignleft wp-image-1900 size-medium\" src=\"https:\/\/agora.xtec.cat\/esc-sant-esteve-de-guialbes\/wp-content\/uploads\/usu1805\/2020\/05\/preinscripcio-300x300.png\" alt=\"\" width=\"300\" height=\"300\" srcset=\"https:\/\/agora.xtec.cat\/esc-sant-esteve-de-guialbes\/wp-content\/uploads\/usu1805\/2020\/05\/preinscripcio-300x300.png 300w, https:\/\/agora.xtec.cat\/esc-sant-esteve-de-guialbes\/wp-content\/uploads\/usu1805\/2020\/05\/preinscripcio-150x150.png 150w, https:\/\/agora.xtec.cat\/esc-sant-esteve-de-guialbes\/wp-content\/uploads\/usu1805\/2020\/05\/preinscripcio-768x768.png 768w, https:\/\/agora.xtec.cat\/esc-sant-esteve-de-guialbes\/wp-content\/uploads\/usu1805\/2020\/05\/preinscripcio-1024x1024.png 1024w, https:\/\/agora.xtec.cat\/esc-sant-esteve-de-guialbes\/wp-content\/uploads\/usu1805\/2020\/05\/preinscripcio.png 1080w\" sizes=\"auto, (max-width: 300px) 100vw, 300px\" \/><\/a><\/div>\n<div dir=\"ltr\"><\/div>\n<div dir=\"ltr\"><\/div>\n<div class=\"gmail_attr\" dir=\"ltr\">Benvolgudes fam\u00edlies,<\/div>\n<div dir=\"ltr\">\n<div dir=\"auto\">\n<div><\/div>\n<div>Tal i com ja sabeu, la crisi sanit\u00e0ria ocasionada per la covid-19 ha comportat la suspensi\u00f3 del procediment de preinscripci\u00f3 i matr\u00edcula d&#8217;alumnes, regulat mitjan\u00e7ant la Resoluci\u00f3 EDU\/576\/2020, de\u00a0<a dir=\"ltr\">28 de febrer<\/a>, per la qual s&#8217;aproven les normes de preinscripci\u00f3 i matr\u00edcula d&#8217;alumnes als centres del Servei d&#8217;Educaci\u00f3 de Catalunya i altres centres educatius,\u00a0en els diversos ensenyaments sostinguts amb fons p\u00fablics, per al curs 2020-2021.<\/div>\n<div><\/div>\n<div>Per fer possible la realitzaci\u00f3 d&#8217;aquest procediment, s&#8217;han ajustat els calendaris i s&#8217;han introdu\u00eft alguns canvis en la gesti\u00f3, amb la incorporaci\u00f3 de totes les mesures de prevenci\u00f3 imprescindibles per fer les gestions de forma segura, tant per al personal implicat com per a la ciutadana que us detallem a continuaci\u00f3:<\/div>\n<\/div>\n<\/div>\n<div><\/div>\n<div><\/div>\n<div><\/div>\n<div><\/div>\n<div dir=\"ltr\">\n<div dir=\"auto\">\n<div>\n<ul>\n<li><b>QUI HA DE FER LA PREINSCRIPCI\u00d3?<\/b>\n<ul>\n<li>\u00a0La preinscripci\u00f3 l&#8217;han de realitzar les fam\u00edlies d&#8217;alumnes nous en el centre (<strong>els alumnes del centre,\u00a0no han de fer cap tr\u00e0mit<\/strong>)<\/li>\n<\/ul>\n<\/li>\n<\/ul>\n<\/div>\n<div>\n<ul>\n<li><b>QUAN CAL FER LA PREINSCRIPCI\u00d3?<\/b><\/li>\n<\/ul>\n<ul>\n<li style=\"list-style-type: none;\">\n<ul>\n<li>Del 13 al 22\/05 &#8211; Sol\u00b7licitus telem\u00e0tiques<\/li>\n<li>Del 19\/05 al 22\/05 &#8211;\u00a0 presentaci\u00f3 de sol\u00b7licituds presencials en el cas que no es pugui fer telem\u00e0ticament, demanant CITA PR\u00c8VIA a trav\u00e9s del mail de l&#8217;escola ( <a href=\"mailto:b7004153@xtec.cat\" target=\"_blank\" rel=\"noopener noreferrer\">b7004153@xtec.cat<\/a>\u00a0)<\/li>\n<\/ul>\n<\/li>\n<\/ul>\n<\/div>\n<div>\n<ul>\n<li><b>COM CAL FER LA PREINSCRIPCI\u00d3?<\/b>\n<ul>\n<li>\u00a0Per tal de reduir la pres\u00e8ncia de les fam\u00edlies en els centres educatius, es promou\u00a0<strong>l\u2019\u00fas de la sol\u00b7licitud en suport inform\u00e0tic. <\/strong>S\u2019elimina la necessitat de presentar la sol\u00b7licitud i la documentaci\u00f3 en paper al centre, i queda substitu\u00efda per l&#8217;enviament del resguard de la sol\u00b7licitud i la documentaci\u00f3 necess\u00e0ria, escanejada o fotografiada, mitjan\u00e7ant un correu a la b\u00fastia electr\u00f2nica oficial del centre demanat en primera opci\u00f3, en el nostre cas s&#8217;ha d&#8217;enviar a\u00a0<a href=\"mailto:b7009795@xtec.cat\" target=\"_blank\" rel=\"noopener noreferrer\">b7004153@xtec.cat.<\/a><\/li>\n<\/ul>\n<\/li>\n<\/ul>\n<p>El centre respondr\u00e0 aquest correu justificant la recepci\u00f3 de la sol\u00b7licitud per a qu\u00e8 el sol\u00b7licitant en tingui\u00a0 \u00a0 \u00a0 \u00a0 \u00a0const\u00e0ncia.<\/p>\n<\/div>\n<\/div>\n<div dir=\"auto\">\n<div><\/div>\n<div>\n<ul>\n<li style=\"list-style-type: none;\">\n<ul>\n<li>De manera excepcional, per als casos en qu\u00e8 els sol\u00b7licitants no puguin fer la presentaci\u00f3 telem\u00e0tica, els centres hauran d\u2019organitzar la\u00a0<strong>presentaci\u00f3 de sol\u00b7licituds presencials<\/strong>\u00a0assignant una cita pr\u00e8via per a l\u2019acc\u00e9s al centre. Aquesta cita pr\u00e8via es podr\u00e0 demanar\u00a0al correu electr\u00f2nic del centre abans esmentat<strong>. L&#8217;acc\u00e9s al centre es far\u00e0 de forma individual i seguint les instruccions del personal del centre i les autoritats sanit\u00e0ries en tot moment.<\/strong><\/li>\n<\/ul>\n<\/li>\n<\/ul>\n<div><b>\u00a0<\/b><\/div>\n<ul>\n<li style=\"list-style-type: none;\">\n<ul>\n<li>Cal tenir present que amb l\u2019obertura dels centres per al tr\u00e0mit de preinscripci\u00f3 nom\u00e9s est\u00e0 prevista la utilitzaci\u00f3 dels espais imprescindibles per al treball administratiu. Per tant,\u00a0<b>no ser\u00e0 possible realitzar visites als centres<\/b>.<\/li>\n<\/ul>\n<\/li>\n<\/ul>\n<div><\/div>\n<\/div>\n<div>\n<ul>\n<li><strong>QUINS DOCUMENTS S&#8217;HAN D&#8217;ADJUNTAR ESCANEJATS O FOTOGRAFIATS AL CORREU?<\/strong><\/li>\n<\/ul>\n<\/div>\n<div>\n<ul>\n<li style=\"list-style-type: none;\">\n<ul>\n<li>Resguard de la <b>sol\u00b7licitud*<\/b>.\u00a0<a href=\"https:\/\/aplicacions.gestioeducativa.gencat.cat\/pls\/apex\/f?p=20160079072543618:5:::NO:RP,5,10,15,20,25::&amp;cs=3ELijNFC4VBrpQxe3vRc660sZCjI\" target=\"_blank\" rel=\"noopener noreferrer\" data-saferedirecturl=\"https:\/\/www.google.com\/url?q=https:\/\/documents.espai.educacio.gencat.cat\/FormularisModels\/CentresGestioAdministrativa\/A42.pdf&amp;source=gmail&amp;ust=1589096921476000&amp;usg=AFQjCNGq8hENH6qCd5t7DubVc-fq9BHhwg\">ACCEDEIX A LA SOL\u00b7LICITUD AMB SUPORT INFORM\u00c0TIC<\/a><\/li>\n<li>El\u00a0<b>llibre de fam\u00edlia<\/b>\u00a0o altres documents relatius a la filiaci\u00f3. Si l&#8217;alumne o alumna est\u00e0 en situaci\u00f3 d&#8217;acolliment, la resoluci\u00f3 d&#8217;acolliment del Departament de Treball, Afers Socials i Fam\u00edlies.<\/li>\n<li>El\u00a0<b>DNI de la persona sol\u00b7licitant\u00a0<\/b>(pare, mare, tutor\/a o guardador\/a de fet) o, si el sol\u00b7licitant \u00e9s estranger, de la targeta de resid\u00e8ncia on consta el NIE o el passaport. Si es tracta d&#8217;estrangers comunitaris, document d&#8217;identitat del pa\u00eds d&#8217;origen.<\/li>\n<li>El DNI\u00a0de l&#8217;alumne o alumna major de 14 anys o si t\u00e9 DNI tot i ser menor de 14 anys.<\/li>\n<\/ul>\n<\/li>\n<\/ul>\n<ul>\n<li><span style=\"color: #000000;\"><b>EL NOSTRE PROJECTE EDUCATIU<\/b><\/span><\/li>\n<\/ul>\n<\/div>\n<\/div>\n<blockquote>\n<div>\n<div><span style=\"color: #000000;\">A la p\u00e0gina web hi trobareu explicat tot el nostre projecte educatiu.\u00a0<\/span><\/div>\n<\/div>\n<div>\n<div><span style=\"color: #000000;\">Aqu\u00ed teniu l&#8217;enlla\u00e7 a la\u00a0<a href=\"https:\/\/agora.xtec.cat\/esc-sant-esteve-de-guialbes\/projecte-educatiu\/\" target=\"_blank\" rel=\"noopener noreferrer\" data-saferedirecturl=\"https:\/\/www.google.com\/url?q=https:\/\/agora.xtec.cat\/esc-sant-esteve-de-guialbes\/projecte-educatiu\/&amp;source=gmail&amp;ust=1589096921477000&amp;usg=AFQjCNGaRIqHyFgxrnVAMNNRHYAp_JijjA\">PRESENTACI\u00d3\u00a0<\/a>general del projecte.<\/span><\/div>\n<\/div>\n<\/blockquote>\n<blockquote>\n<div><span style=\"color: #000000;\">Si voleu saber m\u00e9s detalladament com es treballa a EDUCACI\u00d3 INFANTIL podeu visitar la web o aquest\u00a0<a href=\"https:\/\/agora.xtec.cat\/esc-sant-esteve-de-guialbes\/projecte-educatiu\/tallers-2\/\" target=\"_blank\" rel=\"noopener noreferrer\" data-saferedirecturl=\"https:\/\/www.google.com\/url?q=https:\/\/agora.xtec.cat\/esc-sant-esteve-de-guialbes\/projecte-educatiu\/tallers-2\/&amp;source=gmail&amp;ust=1589096921477000&amp;usg=AFQjCNHCmnE92VmARa9kKfQubGCom9rDxA\">ENLLA\u00c7<\/a><\/span><\/div>\n<\/blockquote>\n<blockquote>\n<div>\n<div><span style=\"color: #000000;\">A part podeu visitar les diferents subp\u00e0gines de l&#8217;apartat PROJECTE EDUCATIU i podreu veure m\u00e9s detalladament la nostra manera de treballar.\u00a0<\/span><\/div>\n<\/div>\n<div>\n<div><span style=\"color: #000000;\">Si teniu qualsevol\u00a0dubte o necessiteu algun aclariment, no dubteu en posar-vos en contacte amb nosaltres via email i si \u00e9s necessari us truquem.<\/span><\/div>\n<\/div>\n<\/blockquote>\n<div dir=\"auto\" style=\"text-align: center;\"><a href=\"http:\/\/mapaescolar.gencat.cat\/\"><strong>OFERTA DE PLACES<\/strong><\/a><\/div>\n<\/div>\n<p style=\"text-align: center;\">\n<p>*Sol\u00b7licitud<\/p>\n<p>Instruccions per al formulari en suport inform\u00e0tic:<\/p>\n<ol>\n<li>Per canviar de pantalla cal utilitzar exclusivament els botons &#8220;seg\u00fcent&#8221; i &#8220;anterior&#8221; de l&#8217;aplicaci\u00f3 i no els del navegador.<\/li>\n<li>La sol\u00b7licitud nom\u00e9s es considera presentada quan, despr\u00e9s d&#8217;omplir tot el formulari, s&#8217;executa l&#8217;opci\u00f3 &#8220;enviament&#8221; des de l&#8217;\u00faltima pantalla i s\u2019obt\u00e9 el resguard de la sol\u00b7licitud i aquest s\u2019envia, juntament amb la documentaci\u00f3 acreditativa escanejada o fotografiada, per correu electr\u00f2nic a l\u2019adre\u00e7a electr\u00f2nica oficial del centre demanat en primera opci\u00f3.<\/li>\n<li>El centre respondr\u00e0 al correu justificant la recepci\u00f3 de la sol\u00b7licitud perqu\u00e8 el sol\u00b7licitant en tingui const\u00e0ncia.<\/li>\n<\/ol>\n","protected":false},"excerpt":{"rendered":"<p>Benvolgudes fam\u00edlies, Tal i com ja sabeu, la crisi sanit\u00e0ria ocasionada per la covid-19 ha comportat la suspensi\u00f3 del procediment [&hellip;]<\/p>\n","protected":false},"author":3,"featured_media":1900,"comment_status":"open","ping_status":"closed","sticky":false,"template":"","format":"standard","meta":{"_bbp_topic_count":0,"_bbp_reply_count":0,"_bbp_total_topic_count":0,"_bbp_total_reply_count":0,"_bbp_voice_count":0,"_bbp_anonymous_reply_count":0,"_bbp_topic_count_hidden":0,"_bbp_reply_count_hidden":0,"_bbp_forum_subforum_count":0,"site-sidebar-layout":"default","site-content-layout":"","ast-site-content-layout":"","site-content-style":"default","site-sidebar-style":"default","ast-global-header-display":"","ast-banner-title-visibility":"","ast-main-header-display":"","ast-hfb-above-header-display":"","ast-hfb-below-header-display":"","ast-hfb-mobile-header-display":"","site-post-title":"","ast-breadcrumbs-content":"","ast-featured-img":"","footer-sml-layout":"","theme-transparent-header-meta":"","adv-header-id-meta":"","stick-header-meta":"","header-above-stick-meta":"","header-main-stick-meta":"","header-below-stick-meta":"","astra-migrate-meta-layouts":"default","ast-page-background-enabled":"default","ast-page-background-meta":{"desktop":{"background-color":"var(--ast-global-color-4)","background-image":"","background-repeat":"repeat","background-position":"center center","background-size":"auto","background-attachment":"scroll","background-type":"","background-media":"","overlay-type":"","overlay-color":"","overlay-opacity":"","overlay-gradient":""},"tablet":{"background-color":"","background-image":"","background-repeat":"repeat","background-position":"center center","background-size":"auto","background-attachment":"scroll","background-type":"","background-media":"","overlay-type":"","overlay-color":"","overlay-opacity":"","overlay-gradient":""},"mobile":{"background-color":"","background-image":"","background-repeat":"repeat","background-position":"center center","background-size":"auto","background-attachment":"scroll","background-type":"","background-media":"","overlay-type":"","overlay-color":"","overlay-opacity":"","overlay-gradient":""}},"ast-content-background-meta":{"desktop":{"background-color":"var(--ast-global-color-5)","background-image":"","background-repeat":"repeat","background-position":"center center","background-size":"auto","background-attachment":"scroll","background-type":"","background-media":"","overlay-type":"","overlay-color":"","overlay-opacity":"","overlay-gradient":""},"tablet":{"background-color":"var(--ast-global-color-5)","background-image":"","background-repeat":"repeat","background-position":"center center","background-size":"auto","background-attachment":"scroll","background-type":"","background-media":"","overlay-type":"","overlay-color":"","overlay-opacity":"","overlay-gradient":""},"mobile":{"background-color":"var(--ast-global-color-5)","background-image":"","background-repeat":"repeat","background-position":"center center","background-size":"auto","background-attachment":"scroll","background-type":"","background-media":"","overlay-type":"","overlay-color":"","overlay-opacity":"","overlay-gradient":""}},"footnotes":""},"categories":[1],"tags":[],"class_list":["post-1902","post","type-post","status-publish","format-standard","has-post-thumbnail","hentry","category-general"],"post_mailing_queue_ids":[],"_links":{"self":[{"href":"https:\/\/agora.xtec.cat\/esc-sant-esteve-de-guialbes\/wp-json\/wp\/v2\/posts\/1902","targetHints":{"allow":["GET"]}}],"collection":[{"href":"https:\/\/agora.xtec.cat\/esc-sant-esteve-de-guialbes\/wp-json\/wp\/v2\/posts"}],"about":[{"href":"https:\/\/agora.xtec.cat\/esc-sant-esteve-de-guialbes\/wp-json\/wp\/v2\/types\/post"}],"author":[{"embeddable":true,"href":"https:\/\/agora.xtec.cat\/esc-sant-esteve-de-guialbes\/wp-json\/wp\/v2\/users\/3"}],"replies":[{"embeddable":true,"href":"https:\/\/agora.xtec.cat\/esc-sant-esteve-de-guialbes\/wp-json\/wp\/v2\/comments?post=1902"}],"version-history":[{"count":4,"href":"https:\/\/agora.xtec.cat\/esc-sant-esteve-de-guialbes\/wp-json\/wp\/v2\/posts\/1902\/revisions"}],"predecessor-version":[{"id":1936,"href":"https:\/\/agora.xtec.cat\/esc-sant-esteve-de-guialbes\/wp-json\/wp\/v2\/posts\/1902\/revisions\/1936"}],"wp:featuredmedia":[{"embeddable":true,"href":"https:\/\/agora.xtec.cat\/esc-sant-esteve-de-guialbes\/wp-json\/wp\/v2\/media\/1900"}],"wp:attachment":[{"href":"https:\/\/agora.xtec.cat\/esc-sant-esteve-de-guialbes\/wp-json\/wp\/v2\/media?parent=1902"}],"wp:term":[{"taxonomy":"category","embeddable":true,"href":"https:\/\/agora.xtec.cat\/esc-sant-esteve-de-guialbes\/wp-json\/wp\/v2\/categories?post=1902"},{"taxonomy":"post_tag","embeddable":true,"href":"https:\/\/agora.xtec.cat\/esc-sant-esteve-de-guialbes\/wp-json\/wp\/v2\/tags?post=1902"}],"curies":[{"name":"wp","href":"https:\/\/api.w.org\/{rel}","templated":true}]}}