{"id":710,"date":"2018-05-17T15:22:03","date_gmt":"2018-05-17T13:22:03","guid":{"rendered":"http:\/\/agora.xtec.cat\/esc-saintgeorgeschool\/?p=710"},"modified":"2018-05-17T15:22:03","modified_gmt":"2018-05-17T13:22:03","slug":"els-mesos-de-lany","status":"publish","type":"post","link":"https:\/\/agora.xtec.cat\/esc-saintgeorgeschool\/infantil\/els-mesos-de-lany\/","title":{"rendered":"Els mesos de l&#8217;any"},"content":{"rendered":"<p>Els alumnes de P5 hem gravat una can\u00e7\u00f3 dels <strong>mesos de l&#8217;any<\/strong> perqu\u00e8 amb aquesta can\u00e7\u00f3 ens els hem apr\u00e8s molt b\u00e9.\u00a0<span style=\"font-family: inherit; font-size: 1em;\">Hem fet una mica de teatre i ens hem disfressat per a qu\u00e8 us ajudi tamb\u00e9 a vosaltres a aprendre&#8217;ls!<\/span><\/p>\n<p><iframe loading=\"lazy\" title=\"Els mesos - P5\" width=\"500\" height=\"281\" src=\"https:\/\/www.youtube.com\/embed\/WSdJ7reYxbU?feature=oembed\" frameborder=\"0\" allow=\"accelerometer; autoplay; clipboard-write; encrypted-media; gyroscope; picture-in-picture; web-share\" referrerpolicy=\"strict-origin-when-cross-origin\" allowfullscreen><\/iframe><\/p>\n","protected":false},"excerpt":{"rendered":"<p>Els alumnes de P5 hem gravat una can\u00e7\u00f3 dels mesos de l&#8217;any perqu\u00e8 amb aquesta can\u00e7\u00f3 ens els hem apr\u00e8s molt b\u00e9.\u00a0Hem fet una mica de teatre i ens hem disfressat per a qu\u00e8 us ajudi tamb\u00e9 a vosaltres a aprendre&#8217;ls!<\/p>\n","protected":false},"author":3,"featured_media":0,"comment_status":"open","ping_status":"closed","sticky":false,"template":"","format":"standard","meta":{"_bbp_topic_count":0,"_bbp_reply_count":0,"_bbp_total_topic_count":0,"_bbp_total_reply_count":0,"_bbp_voice_count":0,"_bbp_anonymous_reply_count":0,"_bbp_topic_count_hidden":0,"_bbp_reply_count_hidden":0,"_bbp_forum_subforum_count":0,"footnotes":""},"categories":[2,9],"tags":[76,65,77],"class_list":["post-710","post","type-post","status-publish","format-standard","hentry","category-infantil","category-p5","tag-canco","tag-catala","tag-mesos"],"post_mailing_queue_ids":[],"_links":{"self":[{"href":"https:\/\/agora.xtec.cat\/esc-saintgeorgeschool\/wp-json\/wp\/v2\/posts\/710","targetHints":{"allow":["GET"]}}],"collection":[{"href":"https:\/\/agora.xtec.cat\/esc-saintgeorgeschool\/wp-json\/wp\/v2\/posts"}],"about":[{"href":"https:\/\/agora.xtec.cat\/esc-saintgeorgeschool\/wp-json\/wp\/v2\/types\/post"}],"author":[{"embeddable":true,"href":"https:\/\/agora.xtec.cat\/esc-saintgeorgeschool\/wp-json\/wp\/v2\/users\/3"}],"replies":[{"embeddable":true,"href":"https:\/\/agora.xtec.cat\/esc-saintgeorgeschool\/wp-json\/wp\/v2\/comments?post=710"}],"version-history":[{"count":1,"href":"https:\/\/agora.xtec.cat\/esc-saintgeorgeschool\/wp-json\/wp\/v2\/posts\/710\/revisions"}],"predecessor-version":[{"id":711,"href":"https:\/\/agora.xtec.cat\/esc-saintgeorgeschool\/wp-json\/wp\/v2\/posts\/710\/revisions\/711"}],"wp:attachment":[{"href":"https:\/\/agora.xtec.cat\/esc-saintgeorgeschool\/wp-json\/wp\/v2\/media?parent=710"}],"wp:term":[{"taxonomy":"category","embeddable":true,"href":"https:\/\/agora.xtec.cat\/esc-saintgeorgeschool\/wp-json\/wp\/v2\/categories?post=710"},{"taxonomy":"post_tag","embeddable":true,"href":"https:\/\/agora.xtec.cat\/esc-saintgeorgeschool\/wp-json\/wp\/v2\/tags?post=710"}],"curies":[{"name":"wp","href":"https:\/\/api.w.org\/{rel}","templated":true}]}}