{"id":675,"date":"2018-05-09T16:48:57","date_gmt":"2018-05-09T14:48:57","guid":{"rendered":"http:\/\/agora.xtec.cat\/esc-saintgeorgeschool\/?p=675"},"modified":"2018-05-17T15:44:18","modified_gmt":"2018-05-17T13:44:18","slug":"representacio-de-contes-tradicionals","status":"publish","type":"post","link":"https:\/\/agora.xtec.cat\/esc-saintgeorgeschool\/primaria\/representacio-de-contes-tradicionals\/","title":{"rendered":"Representaci\u00f3 de contes tradicionals"},"content":{"rendered":"<p>Els alumnes de 5\u00e8 de Prim\u00e0ria ens representen contes tradicionals.<\/p>\n<p><iframe loading=\"lazy\" title=\"Les set cabretes i el llop\" width=\"500\" height=\"281\" src=\"https:\/\/www.youtube.com\/embed\/0L3tzcWjcO4?feature=oembed\" frameborder=\"0\" allow=\"accelerometer; autoplay; clipboard-write; encrypted-media; gyroscope; picture-in-picture; web-share\" referrerpolicy=\"strict-origin-when-cross-origin\" allowfullscreen><\/iframe><\/p>\n<p><iframe loading=\"lazy\" title=\"La rateta presumida\" width=\"500\" height=\"281\" src=\"https:\/\/www.youtube.com\/embed\/KJgv1upgj1I?feature=oembed\" frameborder=\"0\" allow=\"accelerometer; autoplay; clipboard-write; encrypted-media; gyroscope; picture-in-picture; web-share\" referrerpolicy=\"strict-origin-when-cross-origin\" allowfullscreen><\/iframe><\/p>\n<p><iframe loading=\"lazy\" title=\"La caputxeta vermella\" width=\"500\" height=\"281\" src=\"https:\/\/www.youtube.com\/embed\/PH_QdWQ2v04?feature=oembed\" frameborder=\"0\" allow=\"accelerometer; autoplay; clipboard-write; encrypted-media; gyroscope; picture-in-picture; web-share\" referrerpolicy=\"strict-origin-when-cross-origin\" allowfullscreen><\/iframe><\/p>\n<p><iframe loading=\"lazy\" title=\"En Pere i el llop\" width=\"500\" height=\"281\" src=\"https:\/\/www.youtube.com\/embed\/_zsoorRmBe8?feature=oembed\" frameborder=\"0\" allow=\"accelerometer; autoplay; clipboard-write; encrypted-media; gyroscope; picture-in-picture; web-share\" referrerpolicy=\"strict-origin-when-cross-origin\" allowfullscreen><\/iframe><\/p>\n","protected":false},"excerpt":{"rendered":"<p>Els alumnes de 5\u00e8 de Prim\u00e0ria ens representen contes tradicionals.<\/p>\n","protected":false},"author":3,"featured_media":0,"comment_status":"open","ping_status":"closed","sticky":false,"template":"","format":"standard","meta":{"_bbp_topic_count":0,"_bbp_reply_count":0,"_bbp_total_topic_count":0,"_bbp_total_reply_count":0,"_bbp_voice_count":0,"_bbp_anonymous_reply_count":0,"_bbp_topic_count_hidden":0,"_bbp_reply_count_hidden":0,"_bbp_forum_subforum_count":0,"footnotes":""},"categories":[5,14,86],"tags":[65,64,66],"class_list":["post-675","post","type-post","status-publish","format-standard","hentry","category-primaria","category-5e","category-llengua-5e","tag-catala","tag-contes","tag-teatre"],"post_mailing_queue_ids":[],"_links":{"self":[{"href":"https:\/\/agora.xtec.cat\/esc-saintgeorgeschool\/wp-json\/wp\/v2\/posts\/675","targetHints":{"allow":["GET"]}}],"collection":[{"href":"https:\/\/agora.xtec.cat\/esc-saintgeorgeschool\/wp-json\/wp\/v2\/posts"}],"about":[{"href":"https:\/\/agora.xtec.cat\/esc-saintgeorgeschool\/wp-json\/wp\/v2\/types\/post"}],"author":[{"embeddable":true,"href":"https:\/\/agora.xtec.cat\/esc-saintgeorgeschool\/wp-json\/wp\/v2\/users\/3"}],"replies":[{"embeddable":true,"href":"https:\/\/agora.xtec.cat\/esc-saintgeorgeschool\/wp-json\/wp\/v2\/comments?post=675"}],"version-history":[{"count":1,"href":"https:\/\/agora.xtec.cat\/esc-saintgeorgeschool\/wp-json\/wp\/v2\/posts\/675\/revisions"}],"predecessor-version":[{"id":676,"href":"https:\/\/agora.xtec.cat\/esc-saintgeorgeschool\/wp-json\/wp\/v2\/posts\/675\/revisions\/676"}],"wp:attachment":[{"href":"https:\/\/agora.xtec.cat\/esc-saintgeorgeschool\/wp-json\/wp\/v2\/media?parent=675"}],"wp:term":[{"taxonomy":"category","embeddable":true,"href":"https:\/\/agora.xtec.cat\/esc-saintgeorgeschool\/wp-json\/wp\/v2\/categories?post=675"},{"taxonomy":"post_tag","embeddable":true,"href":"https:\/\/agora.xtec.cat\/esc-saintgeorgeschool\/wp-json\/wp\/v2\/tags?post=675"}],"curies":[{"name":"wp","href":"https:\/\/api.w.org\/{rel}","templated":true}]}}