{"id":3368,"date":"2023-02-23T17:26:16","date_gmt":"2023-02-23T16:26:16","guid":{"rendered":"https:\/\/agora.xtec.cat\/esc-rmuntanerlh\/?p=3368"},"modified":"2023-02-23T17:26:57","modified_gmt":"2023-02-23T16:26:57","slug":"entrevistem-a-un-atleta-professional","status":"publish","type":"post","link":"https:\/\/agora.xtec.cat\/esc-rmuntanerlh\/primaria\/3r\/entrevistem-a-un-atleta-professional\/","title":{"rendered":"Entrevistem a un atleta professional"},"content":{"rendered":"<p>Ja fa alguns dies que els i les alumnes de 3r estem treballant el projecte interdisciplinari d&#8217;enguany sobre el nostre barri, el barri de Bellvitge. En el marc d&#8217;aquest projecte avui hem rebut la visita de l&#8217;Ivan Hompanera, un atleta professional de Bellvitge que ha participat en diverses ocasions en les paraol\u00edmpiades, guanyant dues medalles d&#8217;or! I sabeu qu\u00e8? Ha portat una de les seves medalles i l&#8217;hem pogut veure i tocar!!!! A m\u00e9s a m\u00e9s, li hem fet un munt de preguntes per con\u00e8ixer-lo una mica millor.<\/p>\n<p>L&#8217;Ivan ens ha dit que si tenim un somni cal que ens esforcem per a aconseguir-lo, que <strong>els somnis es poden fer realitat amb el nostre esfor\u00e7 i dedicaci\u00f3<\/strong>!<\/p>\n<p>Moltes gr\u00e0cies per la teva visita, Ivan!<\/p>\n<p><a href=\"https:\/\/agora.xtec.cat\/esc-rmuntanerlh\/wp-content\/uploads\/usu2174\/2023\/02\/ivan2.jpg\"><img loading=\"lazy\" decoding=\"async\" class=\"alignnone size-large wp-image-3372\" src=\"https:\/\/agora.xtec.cat\/esc-rmuntanerlh\/wp-content\/uploads\/usu2174\/2023\/02\/ivan2-1024x736.jpg\" alt=\"\" width=\"1024\" height=\"736\" srcset=\"https:\/\/agora.xtec.cat\/esc-rmuntanerlh\/wp-content\/uploads\/usu2174\/2023\/02\/ivan2-1024x736.jpg 1024w, https:\/\/agora.xtec.cat\/esc-rmuntanerlh\/wp-content\/uploads\/usu2174\/2023\/02\/ivan2-300x216.jpg 300w, https:\/\/agora.xtec.cat\/esc-rmuntanerlh\/wp-content\/uploads\/usu2174\/2023\/02\/ivan2-768x552.jpg 768w, https:\/\/agora.xtec.cat\/esc-rmuntanerlh\/wp-content\/uploads\/usu2174\/2023\/02\/ivan2.jpg 1294w\" sizes=\"auto, (max-width: 1024px) 100vw, 1024px\" \/><\/a><\/p>\n","protected":false},"excerpt":{"rendered":"<p>Ja fa alguns dies que els i les alumnes de 3r estem treballant el projecte interdisciplinari d&#8217;enguany sobre el nostre barri, el barri de Bellvitge. En el marc d&#8217;aquest projecte avui hem rebut la visita de l&#8217;Ivan Hompanera, un atleta professional de Bellvitge que ha participat en diverses ocasions en les paraol\u00edmpiades, guanyant dues medalles [&hellip;]<\/p>\n","protected":false},"author":13,"featured_media":3372,"comment_status":"open","ping_status":"closed","sticky":false,"template":"","format":"standard","meta":{"_bbp_topic_count":0,"_bbp_reply_count":0,"_bbp_total_topic_count":0,"_bbp_total_reply_count":0,"_bbp_voice_count":0,"_bbp_anonymous_reply_count":0,"_bbp_topic_count_hidden":0,"_bbp_reply_count_hidden":0,"_bbp_forum_subforum_count":0,"site-sidebar-layout":"default","site-content-layout":"","ast-site-content-layout":"","site-content-style":"default","site-sidebar-style":"default","ast-global-header-display":"","ast-banner-title-visibility":"","ast-main-header-display":"","ast-hfb-above-header-display":"","ast-hfb-below-header-display":"","ast-hfb-mobile-header-display":"","site-post-title":"","ast-breadcrumbs-content":"","ast-featured-img":"","footer-sml-layout":"","theme-transparent-header-meta":"","adv-header-id-meta":"","stick-header-meta":"","header-above-stick-meta":"","header-main-stick-meta":"","header-below-stick-meta":"","astra-migrate-meta-layouts":"default","ast-page-background-enabled":"default","ast-page-background-meta":{"desktop":{"background-color":"var(--ast-global-color-4)","background-image":"","background-repeat":"repeat","background-position":"center center","background-size":"auto","background-attachment":"scroll","background-type":"","background-media":"","overlay-type":"","overlay-color":"","overlay-opacity":"","overlay-gradient":""},"tablet":{"background-color":"","background-image":"","background-repeat":"repeat","background-position":"center center","background-size":"auto","background-attachment":"scroll","background-type":"","background-media":"","overlay-type":"","overlay-color":"","overlay-opacity":"","overlay-gradient":""},"mobile":{"background-color":"","background-image":"","background-repeat":"repeat","background-position":"center center","background-size":"auto","background-attachment":"scroll","background-type":"","background-media":"","overlay-type":"","overlay-color":"","overlay-opacity":"","overlay-gradient":""}},"ast-content-background-meta":{"desktop":{"background-color":"var(--ast-global-color-5)","background-image":"","background-repeat":"repeat","background-position":"center center","background-size":"auto","background-attachment":"scroll","background-type":"","background-media":"","overlay-type":"","overlay-color":"","overlay-opacity":"","overlay-gradient":""},"tablet":{"background-color":"var(--ast-global-color-5)","background-image":"","background-repeat":"repeat","background-position":"center center","background-size":"auto","background-attachment":"scroll","background-type":"","background-media":"","overlay-type":"","overlay-color":"","overlay-opacity":"","overlay-gradient":""},"mobile":{"background-color":"var(--ast-global-color-5)","background-image":"","background-repeat":"repeat","background-position":"center center","background-size":"auto","background-attachment":"scroll","background-type":"","background-media":"","overlay-type":"","overlay-color":"","overlay-opacity":"","overlay-gradient":""}},"footnotes":""},"categories":[12,66],"tags":[],"class_list":["post-3368","post","type-post","status-publish","format-standard","has-post-thumbnail","hentry","category-3r","category-proj-interdisciplinar"],"post_mailing_queue_ids":[],"_links":{"self":[{"href":"https:\/\/agora.xtec.cat\/esc-rmuntanerlh\/wp-json\/wp\/v2\/posts\/3368","targetHints":{"allow":["GET"]}}],"collection":[{"href":"https:\/\/agora.xtec.cat\/esc-rmuntanerlh\/wp-json\/wp\/v2\/posts"}],"about":[{"href":"https:\/\/agora.xtec.cat\/esc-rmuntanerlh\/wp-json\/wp\/v2\/types\/post"}],"author":[{"embeddable":true,"href":"https:\/\/agora.xtec.cat\/esc-rmuntanerlh\/wp-json\/wp\/v2\/users\/13"}],"replies":[{"embeddable":true,"href":"https:\/\/agora.xtec.cat\/esc-rmuntanerlh\/wp-json\/wp\/v2\/comments?post=3368"}],"version-history":[{"count":1,"href":"https:\/\/agora.xtec.cat\/esc-rmuntanerlh\/wp-json\/wp\/v2\/posts\/3368\/revisions"}],"predecessor-version":[{"id":3373,"href":"https:\/\/agora.xtec.cat\/esc-rmuntanerlh\/wp-json\/wp\/v2\/posts\/3368\/revisions\/3373"}],"wp:featuredmedia":[{"embeddable":true,"href":"https:\/\/agora.xtec.cat\/esc-rmuntanerlh\/wp-json\/wp\/v2\/media\/3372"}],"wp:attachment":[{"href":"https:\/\/agora.xtec.cat\/esc-rmuntanerlh\/wp-json\/wp\/v2\/media?parent=3368"}],"wp:term":[{"taxonomy":"category","embeddable":true,"href":"https:\/\/agora.xtec.cat\/esc-rmuntanerlh\/wp-json\/wp\/v2\/categories?post=3368"},{"taxonomy":"post_tag","embeddable":true,"href":"https:\/\/agora.xtec.cat\/esc-rmuntanerlh\/wp-json\/wp\/v2\/tags?post=3368"}],"curies":[{"name":"wp","href":"https:\/\/api.w.org\/{rel}","templated":true}]}}