{"id":17514,"date":"2021-02-26T08:27:59","date_gmt":"2021-02-26T07:27:59","guid":{"rendered":"http:\/\/agora.xtec.cat\/esc-riera-alta\/?p=17514"},"modified":"2021-02-26T08:29:23","modified_gmt":"2021-02-26T07:29:23","slug":"exposicio-projecte-2n-per-que-si-la-terra-gira-no-ens-maregem","status":"publish","type":"post","link":"https:\/\/agora.xtec.cat\/esc-riera-alta\/in\/exposicio-projecte-2n-per-que-si-la-terra-gira-no-ens-maregem\/","title":{"rendered":"EXPOSICI\u00d3 PROJECTE 2n: PER QU\u00c8 SI LA TERRA GIRA NO ENS MAREGEM?"},"content":{"rendered":"<p><a href=\"https:\/\/agora.xtec.cat\/esc-riera-alta\/wp-content\/uploads\/usu797\/2021\/02\/Sol-terra.png\"><img loading=\"lazy\" decoding=\"async\" class=\"alignnone wp-image-17516\" src=\"https:\/\/agora.xtec.cat\/esc-riera-alta\/wp-content\/uploads\/usu797\/2021\/02\/Sol-terra-1024x605.png\" alt=\"\" width=\"470\" height=\"278\" srcset=\"https:\/\/agora.xtec.cat\/esc-riera-alta\/wp-content\/uploads\/usu797\/2021\/02\/Sol-terra-1024x605.png 1024w, https:\/\/agora.xtec.cat\/esc-riera-alta\/wp-content\/uploads\/usu797\/2021\/02\/Sol-terra-300x177.png 300w, https:\/\/agora.xtec.cat\/esc-riera-alta\/wp-content\/uploads\/usu797\/2021\/02\/Sol-terra-768x454.png 768w, https:\/\/agora.xtec.cat\/esc-riera-alta\/wp-content\/uploads\/usu797\/2021\/02\/Sol-terra.png 1231w\" sizes=\"auto, (max-width: 470px) 100vw, 470px\" \/><\/a><\/p>\n<p>Hola fam\u00edlies!<\/p>\n<p>Ja tenim aqu\u00ed la nostra exposici\u00f3 del projecte al que tantes setmanes li hem dedicat. Als nens i nenes els\u00a0 hagu\u00e9s agradat molt explicar-vos tot el que han apr\u00e8s en persona, per\u00f2 donades les circumst\u00e0ncies aquest curs no ha pogut ser. No us preocupeu\u00a0 perqu\u00e8 us hem preparat un v\u00eddeo amb la mateixa il\u00b7lusi\u00f3 que si ho hagu\u00e9ssim fet presencialment! Esperem que el gaudiu tant com nosaltres ho hem fet preparant-lo! Tamb\u00e9 trobareu un recull de fotos amb les activitats que hem anat realitzant al llarg de tot el projecte.<\/p>\n<p><a href=\"http:\/\/agora.xtec.cat\/esc-riera-alta\/nivells\/imatges-del-dia-a-dia\/cicle-inicial\/segon\/\" target=\"_blank\" rel=\"noopener noreferrer\">EXPOSICI\u00d3 DEL PROJECTE 2n<\/a><\/p>\n<p>Fins aviat!<\/p>\n","protected":false},"excerpt":{"rendered":"<p>Hola fam\u00edlies! Ja tenim aqu\u00ed la nostra exposici\u00f3 del projecte al que tantes setmanes li hem dedicat. Als nens i nenes els\u00a0 hagu\u00e9s agradat molt explicar-vos tot el que han apr\u00e8s en persona, per\u00f2 donades les circumst\u00e0ncies aquest curs no ha pogut ser. No us preocupeu\u00a0 perqu\u00e8 us hem preparat un v\u00eddeo amb la mateixa [&hellip;]<\/p>\n","protected":false},"author":83,"featured_media":16916,"comment_status":"open","ping_status":"closed","sticky":false,"template":"","format":"standard","meta":{"_bbp_topic_count":0,"_bbp_reply_count":0,"_bbp_total_topic_count":0,"_bbp_total_reply_count":0,"_bbp_voice_count":0,"_bbp_anonymous_reply_count":0,"_bbp_topic_count_hidden":0,"_bbp_reply_count_hidden":0,"_bbp_forum_subforum_count":0,"site-sidebar-layout":"default","site-content-layout":"","ast-site-content-layout":"","site-content-style":"default","site-sidebar-style":"default","ast-global-header-display":"","ast-banner-title-visibility":"","ast-main-header-display":"","ast-hfb-above-header-display":"","ast-hfb-below-header-display":"","ast-hfb-mobile-header-display":"","site-post-title":"","ast-breadcrumbs-content":"","ast-featured-img":"","footer-sml-layout":"","theme-transparent-header-meta":"","adv-header-id-meta":"","stick-header-meta":"","header-above-stick-meta":"","header-main-stick-meta":"","header-below-stick-meta":"","astra-migrate-meta-layouts":"default","ast-page-background-enabled":"default","ast-page-background-meta":{"desktop":{"background-color":"var(--ast-global-color-4)","background-image":"","background-repeat":"repeat","background-position":"center center","background-size":"auto","background-attachment":"scroll","background-type":"","background-media":"","overlay-type":"","overlay-color":"","overlay-opacity":"","overlay-gradient":""},"tablet":{"background-color":"","background-image":"","background-repeat":"repeat","background-position":"center center","background-size":"auto","background-attachment":"scroll","background-type":"","background-media":"","overlay-type":"","overlay-color":"","overlay-opacity":"","overlay-gradient":""},"mobile":{"background-color":"","background-image":"","background-repeat":"repeat","background-position":"center center","background-size":"auto","background-attachment":"scroll","background-type":"","background-media":"","overlay-type":"","overlay-color":"","overlay-opacity":"","overlay-gradient":""}},"ast-content-background-meta":{"desktop":{"background-color":"var(--ast-global-color-5)","background-image":"","background-repeat":"repeat","background-position":"center center","background-size":"auto","background-attachment":"scroll","background-type":"","background-media":"","overlay-type":"","overlay-color":"","overlay-opacity":"","overlay-gradient":""},"tablet":{"background-color":"var(--ast-global-color-5)","background-image":"","background-repeat":"repeat","background-position":"center center","background-size":"auto","background-attachment":"scroll","background-type":"","background-media":"","overlay-type":"","overlay-color":"","overlay-opacity":"","overlay-gradient":""},"mobile":{"background-color":"var(--ast-global-color-5)","background-image":"","background-repeat":"repeat","background-position":"center center","background-size":"auto","background-attachment":"scroll","background-type":"","background-media":"","overlay-type":"","overlay-color":"","overlay-opacity":"","overlay-gradient":""}},"footnotes":""},"categories":[75,1,73,82],"tags":[],"class_list":["post-17514","post","type-post","status-publish","format-standard","has-post-thumbnail","hentry","category-2n","category-in","category-primaria","category-portada"],"post_mailing_queue_ids":[],"_links":{"self":[{"href":"https:\/\/agora.xtec.cat\/esc-riera-alta\/wp-json\/wp\/v2\/posts\/17514","targetHints":{"allow":["GET"]}}],"collection":[{"href":"https:\/\/agora.xtec.cat\/esc-riera-alta\/wp-json\/wp\/v2\/posts"}],"about":[{"href":"https:\/\/agora.xtec.cat\/esc-riera-alta\/wp-json\/wp\/v2\/types\/post"}],"author":[{"embeddable":true,"href":"https:\/\/agora.xtec.cat\/esc-riera-alta\/wp-json\/wp\/v2\/users\/83"}],"replies":[{"embeddable":true,"href":"https:\/\/agora.xtec.cat\/esc-riera-alta\/wp-json\/wp\/v2\/comments?post=17514"}],"version-history":[{"count":3,"href":"https:\/\/agora.xtec.cat\/esc-riera-alta\/wp-json\/wp\/v2\/posts\/17514\/revisions"}],"predecessor-version":[{"id":17561,"href":"https:\/\/agora.xtec.cat\/esc-riera-alta\/wp-json\/wp\/v2\/posts\/17514\/revisions\/17561"}],"wp:featuredmedia":[{"embeddable":true,"href":"https:\/\/agora.xtec.cat\/esc-riera-alta\/wp-json\/wp\/v2\/media\/16916"}],"wp:attachment":[{"href":"https:\/\/agora.xtec.cat\/esc-riera-alta\/wp-json\/wp\/v2\/media?parent=17514"}],"wp:term":[{"taxonomy":"category","embeddable":true,"href":"https:\/\/agora.xtec.cat\/esc-riera-alta\/wp-json\/wp\/v2\/categories?post=17514"},{"taxonomy":"post_tag","embeddable":true,"href":"https:\/\/agora.xtec.cat\/esc-riera-alta\/wp-json\/wp\/v2\/tags?post=17514"}],"curies":[{"name":"wp","href":"https:\/\/api.w.org\/{rel}","templated":true}]}}