{"id":7293,"date":"2020-11-13T14:41:26","date_gmt":"2020-11-13T13:41:26","guid":{"rendered":"http:\/\/agora.xtec.cat\/esc-renaixencahostalets\/?p=7293"},"modified":"2020-11-26T13:21:59","modified_gmt":"2020-11-26T12:21:59","slug":"a-primer-deso-seguim-la-vendee-globe-2020","status":"publish","type":"post","link":"https:\/\/agora.xtec.cat\/esc-renaixencahostalets\/general\/a-primer-deso-seguim-la-vendee-globe-2020\/","title":{"rendered":"A primer d&#8217;ESO seguim la Vend\u00e9e Globe 2020"},"content":{"rendered":"<p>Aquest passat cap de setmana va comen\u00e7ar la Vend\u00e9e Globe o volta al m\u00f3n en solitari de vela, un dels esdeveniments esportius m\u00e9s apassionants de l\u2019any, en la qual comptarem amb la participaci\u00f3 del D\u00eddac Costa com a representant de la nostra terra. Els alumnes de l\u2019Institut-Escola Renaixen\u00e7a de 1r d\u2019ESO realitzaran el seguiment de la cursa dintre del seu projecte de nivell anual. Aquesta cursa ser\u00e0 l\u2019eix vertebrador de tot el projecte, ja que mitjan\u00e7ant diferents reptes i tem\u00e0tiques relacionades amb la mateixa es podran treballar diversos continguts i assolir diferents compet\u00e8ncies necess\u00e0ries per al desenvolupament dels nostres alumnes, tenint sempre present la vessant competencial de l\u2019aprenentatge relacionant-lo amb la vida real.<\/p>\n<p>Alguns dels coneixements que s\u2019adquiriran seran:<\/p>\n<ul>\n<li style=\"list-style-type: none;\">\n<ul>\n<li><strong>\u00c0mbit ling\u00fc\u00edstic:<\/strong> Comprensi\u00f3 lectora de textos, cerca d\u2019informaci\u00f3, expressi\u00f3 escrita, comunicaci\u00f3<br \/>\noral, interaccions orals presencials i multim\u00e8dia.<\/li>\n<li><strong>\u00c0mbit matem\u00e0tic:<\/strong> Operacions de c\u00e0lcul, relacions quantitatives entre magnituds i quantitats,<br \/>\nunitats de mesura, magnituds, angles i \u00e0rees, conversi\u00f3 d\u2019unitats.<\/li>\n<li><strong>\u00c0mbit cientificotecnol\u00f2gic:<\/strong> Variables que condicionen el temps atmosf\u00e8ric. Interpretaci\u00f3 de<br \/>\nfen\u00f2mens meteorol\u00f2gics. Caracter\u00edstiques de la hidrosfera, el cicle de l\u2019aigua a la natura.<\/li>\n<li><strong>\u00c0mbit social:<\/strong> Orientaci\u00f3 i representaci\u00f3 de l\u2019espai: la cartografia i les coordenades geogr\u00e0fiques.<br \/>\nEls problemes mediambientals globals m\u00e9s destacats.<\/li>\n<li><strong>\u00c0mbit art\u00edstic:<\/strong> Expressi\u00f3 i comunicaci\u00f3 mitjan\u00e7ant les arts pl\u00e0stiques.<\/li>\n<\/ul>\n<\/li>\n<\/ul>\n<p><a href=\"https:\/\/agora.xtec.cat\/esc-renaixencahostalets\/wp-content\/uploads\/usu1823\/2020\/11\/vendee-e1605274836517.jpg\"><img loading=\"lazy\" decoding=\"async\" class=\"alignleft wp-image-7297 size-medium\" src=\"https:\/\/agora.xtec.cat\/esc-renaixencahostalets\/wp-content\/uploads\/usu1823\/2020\/11\/vendee-e1605274836517-300x138.jpg\" alt=\"\" width=\"300\" height=\"138\" srcset=\"https:\/\/agora.xtec.cat\/esc-renaixencahostalets\/wp-content\/uploads\/usu1823\/2020\/11\/vendee-e1605274836517-300x138.jpg 300w, https:\/\/agora.xtec.cat\/esc-renaixencahostalets\/wp-content\/uploads\/usu1823\/2020\/11\/vendee-e1605274836517-768x353.jpg 768w, https:\/\/agora.xtec.cat\/esc-renaixencahostalets\/wp-content\/uploads\/usu1823\/2020\/11\/vendee-e1605274836517.jpg 1024w\" sizes=\"auto, (max-width: 300px) 100vw, 300px\" \/><\/a> <a href=\"https:\/\/agora.xtec.cat\/esc-renaixencahostalets\/wp-content\/uploads\/usu1823\/2020\/11\/vendee-2.jpg\"><img loading=\"lazy\" decoding=\"async\" class=\"alignnone size-full wp-image-7296\" src=\"https:\/\/agora.xtec.cat\/esc-renaixencahostalets\/wp-content\/uploads\/usu1823\/2020\/11\/vendee-2.jpg\" alt=\"\" width=\"275\" height=\"183\" \/><\/a><\/p>\n<p>Per veure m\u00e9s imatges, feu clic <a href=\"http:\/\/agora.xtec.cat\/esc-renaixencahostalets\/fotos-1r-eso\/\">aqu\u00ed<\/a><\/p>\n","protected":false},"excerpt":{"rendered":"<p>Aquest passat cap de setmana va comen\u00e7ar la Vend\u00e9e Globe o volta al m\u00f3n en solitari de vela, un dels esdeveniments esportius m\u00e9s apassionants de l\u2019any, en la qual comptarem amb la participaci\u00f3 del D\u00eddac Costa com a representant de la nostra terra. Els alumnes&hellip;  <a href=\"https:\/\/agora.xtec.cat\/esc-renaixencahostalets\/general\/a-primer-deso-seguim-la-vendee-globe-2020\/\" title=\"Read A primer d&#8217;ESO seguim la Vend\u00e9e Globe 2020\">Llegeix m\u00e9s\u00bb<\/a><\/p>\n","protected":false},"author":1,"featured_media":7297,"comment_status":"open","ping_status":"closed","sticky":false,"template":"","format":"standard","meta":{"_bbp_topic_count":0,"_bbp_reply_count":0,"_bbp_total_topic_count":0,"_bbp_total_reply_count":0,"_bbp_voice_count":0,"_bbp_anonymous_reply_count":0,"_bbp_topic_count_hidden":0,"_bbp_reply_count_hidden":0,"_bbp_forum_subforum_count":0,"footnotes":""},"categories":[131,1,124],"tags":[],"class_list":["post-7293","post","type-post","status-publish","format-standard","has-post-thumbnail","hentry","category-1r-eso","category-general","category-124"],"post_mailing_queue_ids":[],"_links":{"self":[{"href":"https:\/\/agora.xtec.cat\/esc-renaixencahostalets\/wp-json\/wp\/v2\/posts\/7293","targetHints":{"allow":["GET"]}}],"collection":[{"href":"https:\/\/agora.xtec.cat\/esc-renaixencahostalets\/wp-json\/wp\/v2\/posts"}],"about":[{"href":"https:\/\/agora.xtec.cat\/esc-renaixencahostalets\/wp-json\/wp\/v2\/types\/post"}],"author":[{"embeddable":true,"href":"https:\/\/agora.xtec.cat\/esc-renaixencahostalets\/wp-json\/wp\/v2\/users\/1"}],"replies":[{"embeddable":true,"href":"https:\/\/agora.xtec.cat\/esc-renaixencahostalets\/wp-json\/wp\/v2\/comments?post=7293"}],"version-history":[{"count":2,"href":"https:\/\/agora.xtec.cat\/esc-renaixencahostalets\/wp-json\/wp\/v2\/posts\/7293\/revisions"}],"predecessor-version":[{"id":19145,"href":"https:\/\/agora.xtec.cat\/esc-renaixencahostalets\/wp-json\/wp\/v2\/posts\/7293\/revisions\/19145"}],"wp:featuredmedia":[{"embeddable":true,"href":"https:\/\/agora.xtec.cat\/esc-renaixencahostalets\/wp-json\/wp\/v2\/media\/7297"}],"wp:attachment":[{"href":"https:\/\/agora.xtec.cat\/esc-renaixencahostalets\/wp-json\/wp\/v2\/media?parent=7293"}],"wp:term":[{"taxonomy":"category","embeddable":true,"href":"https:\/\/agora.xtec.cat\/esc-renaixencahostalets\/wp-json\/wp\/v2\/categories?post=7293"},{"taxonomy":"post_tag","embeddable":true,"href":"https:\/\/agora.xtec.cat\/esc-renaixencahostalets\/wp-json\/wp\/v2\/tags?post=7293"}],"curies":[{"name":"wp","href":"https:\/\/api.w.org\/{rel}","templated":true}]}}