{"id":7282,"date":"2020-11-11T14:48:57","date_gmt":"2020-11-11T13:48:57","guid":{"rendered":"http:\/\/agora.xtec.cat\/esc-renaixencahostalets\/?p=7282"},"modified":"2020-11-11T14:48:57","modified_gmt":"2020-11-11T13:48:57","slug":"comencem-el-segon-any-de-gep","status":"publish","type":"post","link":"https:\/\/agora.xtec.cat\/esc-renaixencahostalets\/general\/comencem-el-segon-any-de-gep\/","title":{"rendered":"Comencem el segon any de GEP"},"content":{"rendered":"<p>El dijous 5 de novembre v\u00e0rem participar a la <span style=\"font-weight: 400;\">Jornada de seguiment per a centres de 2n any que formen part del Programa GEP.<\/span><\/p>\n<p>A causa de la Covid-19, ha calgut fer canvis i per aquest motiu la formaci\u00f3 ser\u00e0 telem\u00e0tica.<\/p>\n<p>Esperem amb molta il\u00b7lusi\u00f3 comen\u00e7ar aquest 2n any de GEP per continuar aprenent i poder aplicar a l&#8217;aula tot all\u00f2 que faciliti l&#8217;aprenentatge de la llengua anglesa.<\/p>\n<p>Aquest espai ens permetr\u00e0 compartir amb tots vosaltres les activitats que durem a terme a les aules.<\/p>\n<p>See you soon!<\/p>\n","protected":false},"excerpt":{"rendered":"<p>El dijous 5 de novembre v\u00e0rem participar a la Jornada de seguiment per a centres de 2n any que formen part del Programa GEP.<br \/>\nA causa de la Covid-19, ha calgut fer canvis i per aquest motiu la formaci\u00f3 ser\u00e0 telem\u00e0tica.<br \/>\nEsperem amb molta il\u00b7lusi\u00f3 comen\u00e7ar aquest&hellip;  <a href=\"https:\/\/agora.xtec.cat\/esc-renaixencahostalets\/general\/comencem-el-segon-any-de-gep\/\" title=\"Read Comencem el segon any de GEP\">Llegeix m\u00e9s\u00bb<\/a><\/p>\n","protected":false},"author":1,"featured_media":0,"comment_status":"open","ping_status":"closed","sticky":false,"template":"","format":"standard","meta":{"_bbp_topic_count":0,"_bbp_reply_count":0,"_bbp_total_topic_count":0,"_bbp_total_reply_count":0,"_bbp_voice_count":0,"_bbp_anonymous_reply_count":0,"_bbp_topic_count_hidden":0,"_bbp_reply_count_hidden":0,"_bbp_forum_subforum_count":0,"footnotes":""},"categories":[1,117],"tags":[],"class_list":["post-7282","post","type-post","status-publish","format-standard","hentry","category-general","category-gep"],"post_mailing_queue_ids":[],"_links":{"self":[{"href":"https:\/\/agora.xtec.cat\/esc-renaixencahostalets\/wp-json\/wp\/v2\/posts\/7282","targetHints":{"allow":["GET"]}}],"collection":[{"href":"https:\/\/agora.xtec.cat\/esc-renaixencahostalets\/wp-json\/wp\/v2\/posts"}],"about":[{"href":"https:\/\/agora.xtec.cat\/esc-renaixencahostalets\/wp-json\/wp\/v2\/types\/post"}],"author":[{"embeddable":true,"href":"https:\/\/agora.xtec.cat\/esc-renaixencahostalets\/wp-json\/wp\/v2\/users\/1"}],"replies":[{"embeddable":true,"href":"https:\/\/agora.xtec.cat\/esc-renaixencahostalets\/wp-json\/wp\/v2\/comments?post=7282"}],"version-history":[{"count":3,"href":"https:\/\/agora.xtec.cat\/esc-renaixencahostalets\/wp-json\/wp\/v2\/posts\/7282\/revisions"}],"predecessor-version":[{"id":7285,"href":"https:\/\/agora.xtec.cat\/esc-renaixencahostalets\/wp-json\/wp\/v2\/posts\/7282\/revisions\/7285"}],"wp:attachment":[{"href":"https:\/\/agora.xtec.cat\/esc-renaixencahostalets\/wp-json\/wp\/v2\/media?parent=7282"}],"wp:term":[{"taxonomy":"category","embeddable":true,"href":"https:\/\/agora.xtec.cat\/esc-renaixencahostalets\/wp-json\/wp\/v2\/categories?post=7282"},{"taxonomy":"post_tag","embeddable":true,"href":"https:\/\/agora.xtec.cat\/esc-renaixencahostalets\/wp-json\/wp\/v2\/tags?post=7282"}],"curies":[{"name":"wp","href":"https:\/\/api.w.org\/{rel}","templated":true}]}}