{"id":7248,"date":"2020-11-04T16:34:28","date_gmt":"2020-11-04T15:34:28","guid":{"rendered":"http:\/\/agora.xtec.cat\/esc-renaixencahostalets\/?p=7248"},"modified":"2020-11-13T14:48:23","modified_gmt":"2020-11-13T13:48:23","slug":"la-castanyada-a-can-valls","status":"publish","type":"post","link":"https:\/\/agora.xtec.cat\/esc-renaixencahostalets\/general\/la-castanyada-a-can-valls\/","title":{"rendered":"La castanyada a Can Valls"},"content":{"rendered":"<p>El passat divendres 30 d&#8217;octubre els nens i nenes de 1r vam anar a celebrar la Castanyada a Can Valls. S&#8217;ho van passar d&#8217;all\u00f2 m\u00e9s b\u00e9, enfilant-se pel bosc, recollint fulles i pedres, jugant al pilla-pilla, jugant a cabanyes&#8230; Vam marxar amb moltes ganes de tornar un altre dia!<\/p>\n<p>Aqu\u00ed us deixen un recull de fotos. <a href=\"http:\/\/agora.xtec.cat\/esc-renaixencahostalets\/fotos-1r\/\">Cliqueu aqu\u00ed<\/a><\/p>\n<p>&nbsp;<\/p>\n<p><iframe loading=\"lazy\" src=\"https:\/\/drive.google.com\/file\/d\/1xX2RZBd3mSf99nn-zvEd0QUzpoJ1CsyV\/preview\" width=\"640\" height=\"480\"><\/iframe><\/p>\n","protected":false},"excerpt":{"rendered":"<p>El passat divendres 30 d&#8217;octubre els nens i nenes de 1r vam anar a celebrar la Castanyada a Can Valls. S&#8217;ho van passar d&#8217;all\u00f2 m\u00e9s b\u00e9, enfilant-se pel bosc, recollint fulles i pedres, jugant al pilla-pilla, jugant a cabanyes&#8230; Vam marxar amb moltes ganes de&hellip;  <a href=\"https:\/\/agora.xtec.cat\/esc-renaixencahostalets\/general\/la-castanyada-a-can-valls\/\" title=\"Read La castanyada a Can Valls\">Llegeix m\u00e9s\u00bb<\/a><\/p>\n","protected":false},"author":30,"featured_media":0,"comment_status":"open","ping_status":"closed","sticky":false,"template":"","format":"standard","meta":{"_bbp_topic_count":0,"_bbp_reply_count":0,"_bbp_total_topic_count":0,"_bbp_total_reply_count":0,"_bbp_voice_count":0,"_bbp_anonymous_reply_count":0,"_bbp_topic_count_hidden":0,"_bbp_reply_count_hidden":0,"_bbp_forum_subforum_count":0,"footnotes":""},"categories":[10,1,126],"tags":[],"class_list":["post-7248","post","type-post","status-publish","format-standard","hentry","category-1r","category-general","category-126"],"post_mailing_queue_ids":[],"_links":{"self":[{"href":"https:\/\/agora.xtec.cat\/esc-renaixencahostalets\/wp-json\/wp\/v2\/posts\/7248","targetHints":{"allow":["GET"]}}],"collection":[{"href":"https:\/\/agora.xtec.cat\/esc-renaixencahostalets\/wp-json\/wp\/v2\/posts"}],"about":[{"href":"https:\/\/agora.xtec.cat\/esc-renaixencahostalets\/wp-json\/wp\/v2\/types\/post"}],"author":[{"embeddable":true,"href":"https:\/\/agora.xtec.cat\/esc-renaixencahostalets\/wp-json\/wp\/v2\/users\/30"}],"replies":[{"embeddable":true,"href":"https:\/\/agora.xtec.cat\/esc-renaixencahostalets\/wp-json\/wp\/v2\/comments?post=7248"}],"version-history":[{"count":2,"href":"https:\/\/agora.xtec.cat\/esc-renaixencahostalets\/wp-json\/wp\/v2\/posts\/7248\/revisions"}],"predecessor-version":[{"id":7251,"href":"https:\/\/agora.xtec.cat\/esc-renaixencahostalets\/wp-json\/wp\/v2\/posts\/7248\/revisions\/7251"}],"wp:attachment":[{"href":"https:\/\/agora.xtec.cat\/esc-renaixencahostalets\/wp-json\/wp\/v2\/media?parent=7248"}],"wp:term":[{"taxonomy":"category","embeddable":true,"href":"https:\/\/agora.xtec.cat\/esc-renaixencahostalets\/wp-json\/wp\/v2\/categories?post=7248"},{"taxonomy":"post_tag","embeddable":true,"href":"https:\/\/agora.xtec.cat\/esc-renaixencahostalets\/wp-json\/wp\/v2\/tags?post=7248"}],"curies":[{"name":"wp","href":"https:\/\/api.w.org\/{rel}","templated":true}]}}