{"id":7140,"date":"2020-10-23T09:06:52","date_gmt":"2020-10-23T07:06:52","guid":{"rendered":"http:\/\/agora.xtec.cat\/esc-renaixencahostalets\/?p=7140"},"modified":"2020-10-21T22:18:26","modified_gmt":"2020-10-21T20:18:26","slug":"duel-en-prosa","status":"publish","type":"post","link":"https:\/\/agora.xtec.cat\/esc-renaixencahostalets\/general\/duel-en-prosa\/","title":{"rendered":"Duel en prosa"},"content":{"rendered":"<p style=\"text-align: left;\">Hem comen\u00e7at un altre projecte que portarem en paral\u00b7lel al projecte principal de la classe. Aquest projecte es fa amb altres grups d&#8217;aprenentatge cooperatiu i tindr\u00e0 una durada m\u00e9s llarga. Si voleu saber de qu\u00e8 va, feu un cop d&#8217;ull al que va estar el punt de partida el divendres passat.<\/p>\n<p style=\"text-align: center;\"><iframe loading=\"lazy\" src=\"https:\/\/drive.google.com\/file\/d\/1O7nHCNn6ZBfDwZ18umLeZu34FKxJgzTJ\/preview\" width=\"800\" height=\"1100\"><span data-mce-type=\"bookmark\" style=\"display: inline-block; width: 0px; overflow: hidden; line-height: 0;\" class=\"mce_SELRES_start\">\ufeff<\/span><\/iframe><\/p>\n<p>&nbsp;<\/p>\n<p>i si voleu veure el fragment que ens han enviat tradu\u00eft de la primera p\u00e0gina de l&#8217;Ars Narrationem \u00e9s aquest:<\/p>\n<p style=\"text-align: center;\"><iframe loading=\"lazy\" src=\"https:\/\/drive.google.com\/file\/d\/1GYFbsKvWgj6CupNkU60wrXQqhU6F3hu1\/preview\" width=\"800\" height=\"1100\"><span data-mce-type=\"bookmark\" style=\"display: inline-block; width: 0px; overflow: hidden; line-height: 0;\" class=\"mce_SELRES_start\">\ufeff<\/span><\/iframe>&nbsp;<\/p>\n","protected":false},"excerpt":{"rendered":"<p>Hem comen\u00e7at un altre projecte que portarem en paral\u00b7lel al projecte principal de la classe. Aquest projecte es fa amb altres grups d&#8217;aprenentatge cooperatiu i tindr\u00e0 una durada m\u00e9s llarga. Si voleu saber de qu\u00e8 va, feu un cop d&#8217;ull al que va estar el&hellip;  <a href=\"https:\/\/agora.xtec.cat\/esc-renaixencahostalets\/general\/duel-en-prosa\/\" title=\"Read Duel en prosa\">Llegeix m\u00e9s\u00bb<\/a><\/p>\n","protected":false},"author":11,"featured_media":0,"comment_status":"open","ping_status":"closed","sticky":false,"template":"","format":"standard","meta":{"_bbp_topic_count":0,"_bbp_reply_count":0,"_bbp_total_topic_count":0,"_bbp_total_reply_count":0,"_bbp_voice_count":0,"_bbp_anonymous_reply_count":0,"_bbp_topic_count_hidden":0,"_bbp_reply_count_hidden":0,"_bbp_forum_subforum_count":0,"footnotes":""},"categories":[12,1,122],"tags":[],"class_list":["post-7140","post","type-post","status-publish","format-standard","hentry","category-3r","category-general","category-122"],"post_mailing_queue_ids":[],"_links":{"self":[{"href":"https:\/\/agora.xtec.cat\/esc-renaixencahostalets\/wp-json\/wp\/v2\/posts\/7140","targetHints":{"allow":["GET"]}}],"collection":[{"href":"https:\/\/agora.xtec.cat\/esc-renaixencahostalets\/wp-json\/wp\/v2\/posts"}],"about":[{"href":"https:\/\/agora.xtec.cat\/esc-renaixencahostalets\/wp-json\/wp\/v2\/types\/post"}],"author":[{"embeddable":true,"href":"https:\/\/agora.xtec.cat\/esc-renaixencahostalets\/wp-json\/wp\/v2\/users\/11"}],"replies":[{"embeddable":true,"href":"https:\/\/agora.xtec.cat\/esc-renaixencahostalets\/wp-json\/wp\/v2\/comments?post=7140"}],"version-history":[{"count":3,"href":"https:\/\/agora.xtec.cat\/esc-renaixencahostalets\/wp-json\/wp\/v2\/posts\/7140\/revisions"}],"predecessor-version":[{"id":7150,"href":"https:\/\/agora.xtec.cat\/esc-renaixencahostalets\/wp-json\/wp\/v2\/posts\/7140\/revisions\/7150"}],"wp:attachment":[{"href":"https:\/\/agora.xtec.cat\/esc-renaixencahostalets\/wp-json\/wp\/v2\/media?parent=7140"}],"wp:term":[{"taxonomy":"category","embeddable":true,"href":"https:\/\/agora.xtec.cat\/esc-renaixencahostalets\/wp-json\/wp\/v2\/categories?post=7140"},{"taxonomy":"post_tag","embeddable":true,"href":"https:\/\/agora.xtec.cat\/esc-renaixencahostalets\/wp-json\/wp\/v2\/tags?post=7140"}],"curies":[{"name":"wp","href":"https:\/\/api.w.org\/{rel}","templated":true}]}}