{"id":7086,"date":"2020-10-21T14:15:30","date_gmt":"2020-10-21T12:15:30","guid":{"rendered":"http:\/\/agora.xtec.cat\/esc-renaixencahostalets\/?p=7086"},"modified":"2020-10-21T14:15:30","modified_gmt":"2020-10-21T12:15:30","slug":"p4-primers-dies-fent-racons","status":"publish","type":"post","link":"https:\/\/agora.xtec.cat\/esc-renaixencahostalets\/general\/p4-primers-dies-fent-racons\/","title":{"rendered":"P4 Primers dies fent racons"},"content":{"rendered":"<p><img decoding=\"async\" class=\"aligncenter\" src=\"https:\/\/agora.xtec.cat\/esc-renaixencahostalets\/wp-content\/uploads\/usu1823\/2020\/10\/images.png\" \/><br \/>\nCom ja sabeu<strong> els racons<\/strong>\u00a0ens permeten organitzar l&#8217;aula en\u00a0<strong>petits grups<\/strong>, cadascun dels quals realitza una tasca determinada i diferent. Organitzats en grups redu\u00efts, els nens i nenes aprenen a treballar en equip, a col\u00b7laborar i a compartir coneixements. Els racons tamb\u00e9 potencien la seva iniciativa i el sentit de la responsabilitat.<\/p>\n<p>A P4 els nens i nenes hem comen\u00e7at a fer racons seguint amb la metodologia iniciada el curs passat. De seguida ens hem posat al dia tot recordant l\u2019organitzaci\u00f3 i el funcionament d\u2019aquestes sessions i hem pogut comen\u00e7ar a treballar. Primer triem el rac\u00f3, despr\u00e9s esperem que tothom hagi acabat per poder anar a buscar la capsa de material i comen\u00e7ar la feina al rac\u00f3&#8230; al final de la sessi\u00f3 endrecem i guardem el material al seu lloc. Per acabar en parlem de com ha anat. Ho fem molt b\u00e9!<br \/>\nAqu\u00ed teniu una mostra de la primera tanda de racons:<br \/>\n<a href=\"http:\/\/agora.xtec.cat\/esc-renaixencahostalets\/fotos-p4\/\">P4A<\/a><br \/>\n<a href=\"http:\/\/agora.xtec.cat\/esc-renaixencahostalets\/fotos-p4\/\">P4B<\/a><br \/>\n<a href=\"http:\/\/agora.xtec.cat\/esc-renaixencahostalets\/fotos-p4\/\">P4C<\/a><\/p>\n","protected":false},"excerpt":{"rendered":"<p>Com ja sabeu els racons\u00a0ens permeten organitzar l&#8217;aula en\u00a0petits grups, cadascun dels quals realitza una tasca determinada i diferent. Organitzats en grups redu\u00efts, els nens i nenes aprenen a treballar en equip, a col\u00b7laborar i a compartir coneixements. Els racons tamb\u00e9 potencien la seva iniciativa&hellip;  <a href=\"https:\/\/agora.xtec.cat\/esc-renaixencahostalets\/general\/p4-primers-dies-fent-racons\/\" title=\"Read P4 Primers dies fent racons\">Llegeix m\u00e9s\u00bb<\/a><\/p>\n","protected":false},"author":1,"featured_media":7090,"comment_status":"open","ping_status":"closed","sticky":false,"template":"","format":"standard","meta":{"_bbp_topic_count":0,"_bbp_reply_count":0,"_bbp_total_topic_count":0,"_bbp_total_reply_count":0,"_bbp_voice_count":0,"_bbp_anonymous_reply_count":0,"_bbp_topic_count_hidden":0,"_bbp_reply_count_hidden":0,"_bbp_forum_subforum_count":0,"footnotes":""},"categories":[1,8,128],"tags":[],"class_list":["post-7086","post","type-post","status-publish","format-standard","has-post-thumbnail","hentry","category-general","category-i4","category-128"],"post_mailing_queue_ids":[],"_links":{"self":[{"href":"https:\/\/agora.xtec.cat\/esc-renaixencahostalets\/wp-json\/wp\/v2\/posts\/7086","targetHints":{"allow":["GET"]}}],"collection":[{"href":"https:\/\/agora.xtec.cat\/esc-renaixencahostalets\/wp-json\/wp\/v2\/posts"}],"about":[{"href":"https:\/\/agora.xtec.cat\/esc-renaixencahostalets\/wp-json\/wp\/v2\/types\/post"}],"author":[{"embeddable":true,"href":"https:\/\/agora.xtec.cat\/esc-renaixencahostalets\/wp-json\/wp\/v2\/users\/1"}],"replies":[{"embeddable":true,"href":"https:\/\/agora.xtec.cat\/esc-renaixencahostalets\/wp-json\/wp\/v2\/comments?post=7086"}],"version-history":[{"count":5,"href":"https:\/\/agora.xtec.cat\/esc-renaixencahostalets\/wp-json\/wp\/v2\/posts\/7086\/revisions"}],"predecessor-version":[{"id":7138,"href":"https:\/\/agora.xtec.cat\/esc-renaixencahostalets\/wp-json\/wp\/v2\/posts\/7086\/revisions\/7138"}],"wp:featuredmedia":[{"embeddable":true,"href":"https:\/\/agora.xtec.cat\/esc-renaixencahostalets\/wp-json\/wp\/v2\/media\/7090"}],"wp:attachment":[{"href":"https:\/\/agora.xtec.cat\/esc-renaixencahostalets\/wp-json\/wp\/v2\/media?parent=7086"}],"wp:term":[{"taxonomy":"category","embeddable":true,"href":"https:\/\/agora.xtec.cat\/esc-renaixencahostalets\/wp-json\/wp\/v2\/categories?post=7086"},{"taxonomy":"post_tag","embeddable":true,"href":"https:\/\/agora.xtec.cat\/esc-renaixencahostalets\/wp-json\/wp\/v2\/tags?post=7086"}],"curies":[{"name":"wp","href":"https:\/\/api.w.org\/{rel}","templated":true}]}}