{"id":7006,"date":"2020-10-14T15:23:03","date_gmt":"2020-10-14T13:23:03","guid":{"rendered":"http:\/\/agora.xtec.cat\/esc-renaixencahostalets\/?p=7006"},"modified":"2020-10-27T13:59:06","modified_gmt":"2020-10-27T12:59:06","slug":"primers-dies-descola-p3","status":"publish","type":"post","link":"https:\/\/agora.xtec.cat\/esc-renaixencahostalets\/general\/primers-dies-descola-p3\/","title":{"rendered":"Primers dies d&#8217;escola a P3"},"content":{"rendered":"<p style=\"text-align: center;\"><a href=\"https:\/\/agora.xtec.cat\/esc-renaixencahostalets\/wp-content\/uploads\/usu1823\/2020\/10\/WhatsApp-Image-2020-10-09-at-21.31.09-2.jpeg\">\u00a0 <\/a><a href=\"https:\/\/agora.xtec.cat\/esc-renaixencahostalets\/wp-content\/uploads\/usu1823\/2020\/10\/Actividades-plasticas-con-las-manos-PORTADA.jpg\"><img loading=\"lazy\" decoding=\"async\" class=\"alignnone wp-image-7022\" src=\"https:\/\/agora.xtec.cat\/esc-renaixencahostalets\/wp-content\/uploads\/usu1823\/2020\/10\/Actividades-plasticas-con-las-manos-PORTADA.jpg\" alt=\"\" width=\"571\" height=\"321\" srcset=\"https:\/\/agora.xtec.cat\/esc-renaixencahostalets\/wp-content\/uploads\/usu1823\/2020\/10\/Actividades-plasticas-con-las-manos-PORTADA.jpg 640w, https:\/\/agora.xtec.cat\/esc-renaixencahostalets\/wp-content\/uploads\/usu1823\/2020\/10\/Actividades-plasticas-con-las-manos-PORTADA-300x169.jpg 300w\" sizes=\"auto, (max-width: 571px) 100vw, 571px\" \/><\/a><\/p>\n<p>Els primers dies a l&#8217;escola han estat molt emocionants!<\/p>\n<p>Tots i totes ens hem anat adaptant a aquesta &#8220;nova realitat&#8221; i hem apr\u00e8s molt en\u00a0aquests dies; els infants s&#8217;han\u00a0adonat\u00a0que \u00e9s m\u00e9s f\u00e0cil treure les sabates que\u00a0<span class=\"hiddenSpellError\">posar<\/span><span class=\"hiddenGrammarError\">-les<\/span>, que al pati tenim el nostre espai i les nostres joguines, que cal rentar-se forces vegades al dia les mans, els nens i nenes han conegut nous amics i altres adults amb els que compartiran noves experi\u00e8ncies i segur que grans moments!!<span class=\"hiddenGrammarError\">!<\/span><\/p>\n<p><span class=\"hiddenGrammarError\">Les<\/span>\u00a0mestres de P3 hem preparat un recull de fotos d&#8217;<span class=\"hiddenGrammarError\">aquest primers<\/span>\u00a0dies. Desitgem que us agradin!<\/p>\n<p>Cliqueu Fotos <a href=\"http:\/\/agora.xtec.cat\/esc-renaixencahostalets\/fotos-p3\/\">P3 A: Pintem amb pintura, experimentem amb paper de seda, primers dies d&#8217;escola i psicomotricitat<\/a><\/p>\n<p>Cliqueu\u00a0 <a href=\"http:\/\/agora.xtec.cat\/esc-renaixencahostalets\/fotos-p3\/\">Fotos P3 B: Pintem amb pintura, experimemntem amb paper de seda, psicomotricitat i moments de joc<\/a><\/p>\n","protected":false},"excerpt":{"rendered":"<p><a href=\"https:\/\/agora.xtec.cat\/esc-renaixencahostalets\/wp-content\/uploads\/usu1823\/2020\/10\/WhatsApp-Image-2020-10-09-at-21.31.09-2.jpeg\">\u00a0 <\/a><a href=\"https:\/\/agora.xtec.cat\/esc-renaixencahostalets\/wp-content\/uploads\/usu1823\/2020\/10\/Actividades-plasticas-con-las-manos-PORTADA.jpg\"><\/a><br \/>\nEls primers dies a l&#8217;escola han estat molt emocionants!<br \/>\nTots i totes ens hem anat adaptant a aquesta &#8220;nova realitat&#8221; i hem apr\u00e8s molt en\u00a0aquests dies; els infants s&#8217;han\u00a0adonat\u00a0que \u00e9s m\u00e9s f\u00e0cil treure les sabates que\u00a0posar-les, que al pati tenim el nostre espai&hellip;  <a href=\"https:\/\/agora.xtec.cat\/esc-renaixencahostalets\/general\/primers-dies-descola-p3\/\" title=\"Read Primers dies d&#8217;escola a P3\">Llegeix m\u00e9s\u00bb<\/a><\/p>\n","protected":false},"author":25,"featured_media":7022,"comment_status":"open","ping_status":"closed","sticky":false,"template":"","format":"standard","meta":{"_bbp_topic_count":0,"_bbp_reply_count":0,"_bbp_total_topic_count":0,"_bbp_total_reply_count":0,"_bbp_voice_count":0,"_bbp_anonymous_reply_count":0,"_bbp_topic_count_hidden":0,"_bbp_reply_count_hidden":0,"_bbp_forum_subforum_count":0,"footnotes":""},"categories":[1,3],"tags":[],"class_list":["post-7006","post","type-post","status-publish","format-standard","has-post-thumbnail","hentry","category-general","category-i3"],"post_mailing_queue_ids":[],"_links":{"self":[{"href":"https:\/\/agora.xtec.cat\/esc-renaixencahostalets\/wp-json\/wp\/v2\/posts\/7006","targetHints":{"allow":["GET"]}}],"collection":[{"href":"https:\/\/agora.xtec.cat\/esc-renaixencahostalets\/wp-json\/wp\/v2\/posts"}],"about":[{"href":"https:\/\/agora.xtec.cat\/esc-renaixencahostalets\/wp-json\/wp\/v2\/types\/post"}],"author":[{"embeddable":true,"href":"https:\/\/agora.xtec.cat\/esc-renaixencahostalets\/wp-json\/wp\/v2\/users\/25"}],"replies":[{"embeddable":true,"href":"https:\/\/agora.xtec.cat\/esc-renaixencahostalets\/wp-json\/wp\/v2\/comments?post=7006"}],"version-history":[{"count":4,"href":"https:\/\/agora.xtec.cat\/esc-renaixencahostalets\/wp-json\/wp\/v2\/posts\/7006\/revisions"}],"predecessor-version":[{"id":7029,"href":"https:\/\/agora.xtec.cat\/esc-renaixencahostalets\/wp-json\/wp\/v2\/posts\/7006\/revisions\/7029"}],"wp:featuredmedia":[{"embeddable":true,"href":"https:\/\/agora.xtec.cat\/esc-renaixencahostalets\/wp-json\/wp\/v2\/media\/7022"}],"wp:attachment":[{"href":"https:\/\/agora.xtec.cat\/esc-renaixencahostalets\/wp-json\/wp\/v2\/media?parent=7006"}],"wp:term":[{"taxonomy":"category","embeddable":true,"href":"https:\/\/agora.xtec.cat\/esc-renaixencahostalets\/wp-json\/wp\/v2\/categories?post=7006"},{"taxonomy":"post_tag","embeddable":true,"href":"https:\/\/agora.xtec.cat\/esc-renaixencahostalets\/wp-json\/wp\/v2\/tags?post=7006"}],"curies":[{"name":"wp","href":"https:\/\/api.w.org\/{rel}","templated":true}]}}