{"id":7004,"date":"2020-10-14T14:22:40","date_gmt":"2020-10-14T12:22:40","guid":{"rendered":"http:\/\/agora.xtec.cat\/esc-renaixencahostalets\/?p=7004"},"modified":"2020-10-27T14:01:26","modified_gmt":"2020-10-27T13:01:26","slug":"p4-visita-el-crip","status":"publish","type":"post","link":"https:\/\/agora.xtec.cat\/esc-renaixencahostalets\/blog-de-curs\/i4\/p4-visita-el-crip\/","title":{"rendered":"P4 Visita el CRIP"},"content":{"rendered":"<p><a href=\"https:\/\/agora.xtec.cat\/esc-renaixencahostalets\/wp-content\/uploads\/usu1823\/2020\/10\/crip.jpg\"><img loading=\"lazy\" decoding=\"async\" class=\"alignnone size-full wp-image-7190\" src=\"https:\/\/agora.xtec.cat\/esc-renaixencahostalets\/wp-content\/uploads\/usu1823\/2020\/10\/crip.jpg\" alt=\"\" width=\"259\" height=\"194\" srcset=\"https:\/\/agora.xtec.cat\/esc-renaixencahostalets\/wp-content\/uploads\/usu1823\/2020\/10\/crip.jpg 259w, https:\/\/agora.xtec.cat\/esc-renaixencahostalets\/wp-content\/uploads\/usu1823\/2020\/10\/crip-200x150.jpg 200w\" sizes=\"auto, (max-width: 259px) 100vw, 259px\" \/><\/a>Visita al CRIP<br \/>\nDurant els primers dies d\u2019escola els nens i nenes de P4 hem estat treballant en la petita hist\u00f2ria del nom de la classe i una de les activitats era fer una visita al CRIP (Centre de Restauraci\u00f3 i Interpretaci\u00f3 Paleontol\u00f2gica) on disposen de molta informaci\u00f3 i material relacionat amb els animals de l\u2019etapa del Mioc\u00e8.<br \/>\nEn aquest museu hem apr\u00e8s un munt de coses del nostre animal de la classe, hem pogut escoltar i fer preguntes, observar restes f\u00f2ssils de l\u2019animal i tamb\u00e9 hem participat d\u2019un joc de preguntes projectat a una pantalla.<br \/>\nHa estat la primera sortida d\u2019entorn i podem assegurar que n\u2019hem gaudit molt tots plegats.<br \/>\nEls noms de les nostres classes s\u00f3n:<br \/>\nP4 A\u00a0 \u201cColla del C\u00e9rvol Euprox\u201d<br \/>\nP4 B\u00a0 \u201cColla de l\u2019Elefant Gomphotheri\u201d<br \/>\nP4 C\u00a0 \u201cColla del Conill Prolagus\u201d<\/p>\n<p>Podeu visualitzar algunes imatges de la sortida fent clic:<br \/>\nFOTOS CRIP P4A <a href=\"http:\/\/agora.xtec.cat\/esc-renaixencahostalets\/fotos-p4\/\">aqu\u00ed<\/a><br \/>\nFOTOS CRIP P4B <a href=\"http:\/\/agora.xtec.cat\/esc-renaixencahostalets\/fotos-p4\/\">aqu\u00ed<\/a><br \/>\nFOTOS CRIP P4C <a href=\"http:\/\/agora.xtec.cat\/esc-renaixencahostalets\/fotos-p4\/\">aqu\u00ed<\/a><\/p>\n","protected":false},"excerpt":{"rendered":"<p><a href=\"https:\/\/agora.xtec.cat\/esc-renaixencahostalets\/wp-content\/uploads\/usu1823\/2020\/10\/crip.jpg\"><\/a>Visita al CRIP<br \/>\nDurant els primers dies d\u2019escola els nens i nenes de P4 hem estat treballant en la petita hist\u00f2ria del nom de la classe i una de les activitats era fer una visita al CRIP (Centre de Restauraci\u00f3 i Interpretaci\u00f3 Paleontol\u00f2gica) on disposen&hellip;  <a href=\"https:\/\/agora.xtec.cat\/esc-renaixencahostalets\/blog-de-curs\/i4\/p4-visita-el-crip\/\" title=\"Read P4 Visita el CRIP\">Llegeix m\u00e9s\u00bb<\/a><\/p>\n","protected":false},"author":24,"featured_media":7190,"comment_status":"open","ping_status":"closed","sticky":false,"template":"","format":"standard","meta":{"_bbp_topic_count":0,"_bbp_reply_count":0,"_bbp_total_topic_count":0,"_bbp_total_reply_count":0,"_bbp_voice_count":0,"_bbp_anonymous_reply_count":0,"_bbp_topic_count_hidden":0,"_bbp_reply_count_hidden":0,"_bbp_forum_subforum_count":0,"footnotes":""},"categories":[8,128],"tags":[],"class_list":["post-7004","post","type-post","status-publish","format-standard","has-post-thumbnail","hentry","category-i4","category-128"],"post_mailing_queue_ids":[],"_links":{"self":[{"href":"https:\/\/agora.xtec.cat\/esc-renaixencahostalets\/wp-json\/wp\/v2\/posts\/7004","targetHints":{"allow":["GET"]}}],"collection":[{"href":"https:\/\/agora.xtec.cat\/esc-renaixencahostalets\/wp-json\/wp\/v2\/posts"}],"about":[{"href":"https:\/\/agora.xtec.cat\/esc-renaixencahostalets\/wp-json\/wp\/v2\/types\/post"}],"author":[{"embeddable":true,"href":"https:\/\/agora.xtec.cat\/esc-renaixencahostalets\/wp-json\/wp\/v2\/users\/24"}],"replies":[{"embeddable":true,"href":"https:\/\/agora.xtec.cat\/esc-renaixencahostalets\/wp-json\/wp\/v2\/comments?post=7004"}],"version-history":[{"count":4,"href":"https:\/\/agora.xtec.cat\/esc-renaixencahostalets\/wp-json\/wp\/v2\/posts\/7004\/revisions"}],"predecessor-version":[{"id":7192,"href":"https:\/\/agora.xtec.cat\/esc-renaixencahostalets\/wp-json\/wp\/v2\/posts\/7004\/revisions\/7192"}],"wp:featuredmedia":[{"embeddable":true,"href":"https:\/\/agora.xtec.cat\/esc-renaixencahostalets\/wp-json\/wp\/v2\/media\/7190"}],"wp:attachment":[{"href":"https:\/\/agora.xtec.cat\/esc-renaixencahostalets\/wp-json\/wp\/v2\/media?parent=7004"}],"wp:term":[{"taxonomy":"category","embeddable":true,"href":"https:\/\/agora.xtec.cat\/esc-renaixencahostalets\/wp-json\/wp\/v2\/categories?post=7004"},{"taxonomy":"post_tag","embeddable":true,"href":"https:\/\/agora.xtec.cat\/esc-renaixencahostalets\/wp-json\/wp\/v2\/tags?post=7004"}],"curies":[{"name":"wp","href":"https:\/\/api.w.org\/{rel}","templated":true}]}}