{"id":6967,"date":"2020-10-08T11:22:49","date_gmt":"2020-10-08T09:22:49","guid":{"rendered":"http:\/\/agora.xtec.cat\/esc-renaixencahostalets\/?p=6967"},"modified":"2020-10-29T11:18:16","modified_gmt":"2020-10-29T10:18:16","slug":"pregadeu-mantis-religiosa","status":"publish","type":"post","link":"https:\/\/agora.xtec.cat\/esc-renaixencahostalets\/general\/pregadeu-mantis-religiosa\/","title":{"rendered":"PREGADEU (MANTIS RELIGIOSA)"},"content":{"rendered":"<p>BON DIA,<\/p>\n<p>AVUI LA TA\u00dcLL HA TROBAT UN PREGADEU (MANTIS RELIGIOSA) VENINT CAP A L&#8217;ESCOLA.<\/p>\n<p>L&#8217;HEM OBSERVAT I HEM APR\u00c8S ALGUNES COSES SOBRE AQUEST INSECTE. SABEM QUE \u00c9S CARN\u00cdVOR I S&#8217;ALIMENTA DE MOSQUES, GRILLS, I ALTRES PETITS INSECTES. TAMB\u00c9, SABEM QUE POT SER DE COLOR VERD O MARRON\u00d3S I ES POT CAMUFLAR SEGONS L&#8217;H\u00c0BITAT ON VISQUI. T\u00c9 EL CAP TRIANGULAR I EL\u00a0 POT GIRAR 180\u00ba.<\/p>\n<p>DESPR\u00c9S D&#8217;OBSERVAR-LO, L&#8217;HEM ALLIBERAT AL COSTAT DEL PATI DE L&#8217;ESCOLA.<\/p>\n<p style=\"text-align: center;\"><iframe loading=\"lazy\" src=\"https:\/\/drive.google.com\/file\/d\/1r-e5hiWbHsp6TnnKYGJbepQxIJdEPyqv\/preview\" width=\"640\" height=\"480\"><\/iframe><\/p>\n<p style=\"text-align: center;\"><iframe loading=\"lazy\" src=\"https:\/\/drive.google.com\/file\/d\/1SvjuWL4oqmWW93ND_wqgOV6Z3WW8DVCn\/preview\" width=\"640\" height=\"480\"><\/iframe><\/p>\n<p style=\"text-align: center;\"><iframe loading=\"lazy\" src=\"https:\/\/drive.google.com\/file\/d\/1e7oWt4TeMuLM0VgqWj5eksYHyR3g_3jw\/preview\" width=\"640\" height=\"480\"><\/iframe><\/p>\n","protected":false},"excerpt":{"rendered":"<p>BON DIA,<br \/>\nAVUI LA TA\u00dcLL HA TROBAT UN PREGADEU (MANTIS RELIGIOSA) VENINT CAP A L&#8217;ESCOLA.<br \/>\nL&#8217;HEM OBSERVAT I HEM APR\u00c8S ALGUNES COSES SOBRE AQUEST INSECTE. SABEM QUE \u00c9S CARN\u00cdVOR I S&#8217;ALIMENTA DE MOSQUES, GRILLS, I ALTRES PETITS INSECTES. TAMB\u00c9, SABEM QUE POT SER DE COLOR VERD O&hellip;  <a href=\"https:\/\/agora.xtec.cat\/esc-renaixencahostalets\/general\/pregadeu-mantis-religiosa\/\" title=\"Read PREGADEU (MANTIS RELIGIOSA)\">Llegeix m\u00e9s\u00bb<\/a><\/p>\n","protected":false},"author":47,"featured_media":0,"comment_status":"open","ping_status":"closed","sticky":false,"template":"","format":"standard","meta":{"_bbp_topic_count":0,"_bbp_reply_count":0,"_bbp_total_topic_count":0,"_bbp_total_reply_count":0,"_bbp_voice_count":0,"_bbp_anonymous_reply_count":0,"_bbp_topic_count_hidden":0,"_bbp_reply_count_hidden":0,"_bbp_forum_subforum_count":0,"footnotes":""},"categories":[12,1,122],"tags":[],"class_list":["post-6967","post","type-post","status-publish","format-standard","hentry","category-3r","category-general","category-122"],"post_mailing_queue_ids":[],"_links":{"self":[{"href":"https:\/\/agora.xtec.cat\/esc-renaixencahostalets\/wp-json\/wp\/v2\/posts\/6967","targetHints":{"allow":["GET"]}}],"collection":[{"href":"https:\/\/agora.xtec.cat\/esc-renaixencahostalets\/wp-json\/wp\/v2\/posts"}],"about":[{"href":"https:\/\/agora.xtec.cat\/esc-renaixencahostalets\/wp-json\/wp\/v2\/types\/post"}],"author":[{"embeddable":true,"href":"https:\/\/agora.xtec.cat\/esc-renaixencahostalets\/wp-json\/wp\/v2\/users\/47"}],"replies":[{"embeddable":true,"href":"https:\/\/agora.xtec.cat\/esc-renaixencahostalets\/wp-json\/wp\/v2\/comments?post=6967"}],"version-history":[{"count":3,"href":"https:\/\/agora.xtec.cat\/esc-renaixencahostalets\/wp-json\/wp\/v2\/posts\/6967\/revisions"}],"predecessor-version":[{"id":6971,"href":"https:\/\/agora.xtec.cat\/esc-renaixencahostalets\/wp-json\/wp\/v2\/posts\/6967\/revisions\/6971"}],"wp:attachment":[{"href":"https:\/\/agora.xtec.cat\/esc-renaixencahostalets\/wp-json\/wp\/v2\/media?parent=6967"}],"wp:term":[{"taxonomy":"category","embeddable":true,"href":"https:\/\/agora.xtec.cat\/esc-renaixencahostalets\/wp-json\/wp\/v2\/categories?post=6967"},{"taxonomy":"post_tag","embeddable":true,"href":"https:\/\/agora.xtec.cat\/esc-renaixencahostalets\/wp-json\/wp\/v2\/tags?post=6967"}],"curies":[{"name":"wp","href":"https:\/\/api.w.org\/{rel}","templated":true}]}}