{"id":6942,"date":"2020-10-03T17:06:52","date_gmt":"2020-10-03T15:06:52","guid":{"rendered":"http:\/\/agora.xtec.cat\/esc-renaixencahostalets\/?p=6942"},"modified":"2020-10-03T17:06:52","modified_gmt":"2020-10-03T15:06:52","slug":"la-xarxa-de-3rb","status":"publish","type":"post","link":"https:\/\/agora.xtec.cat\/esc-renaixencahostalets\/general\/la-xarxa-de-3rb\/","title":{"rendered":"LA XARXA DE 3rB"},"content":{"rendered":"<p>HOLA SOM LA CLASSE DE 3rB I US EXPLICAREM EL NOSTRE ANIMAL DE LA CLASSE.<\/p>\n<p>HEM DESCOBERT QUE ERA UN ANIMAL MAM\u00cdFER I \u00a0HERB\u00cdVOR. HERB\u00cdVOR VOL DIR QUE S&#8217;ALIMENTAVA D&#8217;HERBA. AQUEST ANIMAL VIVIA\u00a0 ALS BOSCOS SUBTROPICALS I HEM DESCOBERT QUE VA EXISTIR FA 12 MILIONS D&#8217;ANYS AL MIOC\u00c8. ELS SEUS F\u00d2SSILS ES VAN TROBAR A L&#8217;ABOCADOR DE CAN MATA D&#8217;AQU\u00cd HOSTALETS DE PIEROLA. NOM\u00c9S EN VAN TROBAR 3 DENTETES.<\/p>\n<p>EL NOSTRE ANIMAL ERA PELUT, TENIA EL CAP ALLARGAT I ERA UN ANIMAL AMB CUA. A M\u00c9S, TENIA 4 POTES ACABADES AMB 3 PE\u00dcLLES. NO TENIA ULLALS, NOM\u00c9S TENIA INCISIUS I QUEIXALS. TAMB\u00c9 SABEM QUE NO ERA MASSA GRAN, MESURAVA 60 CM D&#8217;AL\u00c7ADA, 1,5 METRES DE LLARGADA I PESAVA UNS 30 KG APROXIMADAMENT.<\/p>\n<p style=\"text-align: left;\">EL NOSTRE ANIMAL \u00c9S <strong>L&#8217;ANCHIETERIUM NIEVEI\u00a0 <\/strong>(SIMILAR A UN CAVALL) . PER QU\u00c8 ES DIU NIEVEI? HEM DESCOBERT QUE LA PALEONT\u00d2LOGA QUE EL VA TROBAR ES DEIA NIEVES I D&#8217;AQU\u00cd EL SEU NOM.<\/p>\n<p style=\"text-align: center;\"><iframe loading=\"lazy\" src=\"https:\/\/drive.google.com\/file\/d\/1l1IRqDo2XvQinDQLarAqH6BRRIcbaoHh\/preview\" width=\"640\" height=\"480\"><\/iframe><\/p>\n<p style=\"text-align: center;\"><iframe loading=\"lazy\" src=\"https:\/\/drive.google.com\/file\/d\/1lNG4M7c6bpqDC-CU3CCucPst7pG7_QZd\/preview\" width=\"640\" height=\"480\"><\/iframe><\/p>\n","protected":false},"excerpt":{"rendered":"<p>HOLA SOM LA CLASSE DE 3rB I US EXPLICAREM EL NOSTRE ANIMAL DE LA CLASSE.<br \/>\nHEM DESCOBERT QUE ERA UN ANIMAL MAM\u00cdFER I \u00a0HERB\u00cdVOR. HERB\u00cdVOR VOL DIR QUE S&#8217;ALIMENTAVA D&#8217;HERBA. AQUEST ANIMAL VIVIA\u00a0 ALS BOSCOS SUBTROPICALS I HEM DESCOBERT QUE VA EXISTIR FA 12 MILIONS D&#8217;ANYS&hellip;  <a href=\"https:\/\/agora.xtec.cat\/esc-renaixencahostalets\/general\/la-xarxa-de-3rb\/\" title=\"Read LA XARXA DE 3rB\">Llegeix m\u00e9s\u00bb<\/a><\/p>\n","protected":false},"author":47,"featured_media":0,"comment_status":"open","ping_status":"closed","sticky":false,"template":"","format":"standard","meta":{"_bbp_topic_count":0,"_bbp_reply_count":0,"_bbp_total_topic_count":0,"_bbp_total_reply_count":0,"_bbp_voice_count":0,"_bbp_anonymous_reply_count":0,"_bbp_topic_count_hidden":0,"_bbp_reply_count_hidden":0,"_bbp_forum_subforum_count":0,"footnotes":""},"categories":[12,1,122],"tags":[],"class_list":["post-6942","post","type-post","status-publish","format-standard","hentry","category-3r","category-general","category-122"],"post_mailing_queue_ids":[],"_links":{"self":[{"href":"https:\/\/agora.xtec.cat\/esc-renaixencahostalets\/wp-json\/wp\/v2\/posts\/6942","targetHints":{"allow":["GET"]}}],"collection":[{"href":"https:\/\/agora.xtec.cat\/esc-renaixencahostalets\/wp-json\/wp\/v2\/posts"}],"about":[{"href":"https:\/\/agora.xtec.cat\/esc-renaixencahostalets\/wp-json\/wp\/v2\/types\/post"}],"author":[{"embeddable":true,"href":"https:\/\/agora.xtec.cat\/esc-renaixencahostalets\/wp-json\/wp\/v2\/users\/47"}],"replies":[{"embeddable":true,"href":"https:\/\/agora.xtec.cat\/esc-renaixencahostalets\/wp-json\/wp\/v2\/comments?post=6942"}],"version-history":[{"count":3,"href":"https:\/\/agora.xtec.cat\/esc-renaixencahostalets\/wp-json\/wp\/v2\/posts\/6942\/revisions"}],"predecessor-version":[{"id":6950,"href":"https:\/\/agora.xtec.cat\/esc-renaixencahostalets\/wp-json\/wp\/v2\/posts\/6942\/revisions\/6950"}],"wp:attachment":[{"href":"https:\/\/agora.xtec.cat\/esc-renaixencahostalets\/wp-json\/wp\/v2\/media?parent=6942"}],"wp:term":[{"taxonomy":"category","embeddable":true,"href":"https:\/\/agora.xtec.cat\/esc-renaixencahostalets\/wp-json\/wp\/v2\/categories?post=6942"},{"taxonomy":"post_tag","embeddable":true,"href":"https:\/\/agora.xtec.cat\/esc-renaixencahostalets\/wp-json\/wp\/v2\/tags?post=6942"}],"curies":[{"name":"wp","href":"https:\/\/api.w.org\/{rel}","templated":true}]}}