{"id":6777,"date":"2020-06-19T11:17:03","date_gmt":"2020-06-19T09:17:03","guid":{"rendered":"http:\/\/agora.xtec.cat\/esc-renaixencahostalets\/?p=6777"},"modified":"2020-06-19T11:19:10","modified_gmt":"2020-06-19T09:19:10","slug":"faqs-inici-de-curs-20-21","status":"publish","type":"post","link":"https:\/\/agora.xtec.cat\/esc-renaixencahostalets\/general\/faqs-inici-de-curs-20-21\/","title":{"rendered":"FAQs inici de curs 20\/21"},"content":{"rendered":"<p style=\"text-align: left;\">Bon dia fam\u00edlies,<\/p>\n<p>Des de l&#8217;escola volem, agrair-vos a vosaltres i als vostres fills i filles tot l&#8217;acompanyament i esperit de superaci\u00f3 i adaptabilitat que heu tingut en aquesta gran sacsejada social. Gr\u00e0cies!<br \/>\nUs fem arribar, adjunt, el buidatge de la valoraci\u00f3 sobre el confinament que v\u00e0reu fer fa uns dies. Ens ajudar\u00e0 a millorar i canviar coses i perspectives per futures actuacions. De fet ja hem introdu\u00eft alguns canvis arran de les vostres suggeriments. Gr\u00e0cies per la sinceritat.<\/p>\n<p>Sabem i som coneixedores que ha estat molt dif\u00edcil compaginar tantes informacions que van sortint pels mitjans de comunicaci\u00f3. Ben aviat sortiran les instruccions per iniciar el curs 20\/21 i us volem convidar a poder fer preguntes per aclarir el que sapiguem.<\/p>\n<p>Farem dues convocat\u00f2ries virtuals el dijous 9 de juliol perqu\u00e8 pugueu assistir a una d&#8217;elles. Primera convocat\u00f2ria a les 10 h i segona a les 18 h.<\/p>\n<p>Us enviem l&#8217;enlla\u00e7 d&#8217;un formulari perqu\u00e8 pugueu anotar les preguntes i\/o dubtes que us sorgeixin fins el dia 25 de juny i aix\u00ed podem preparar millor la reuni\u00f3.<\/p>\n<p><a href=\"https:\/\/forms.gle\/gx4Vv2u8s1muNmjt8\" target=\"_blank\" rel=\"noopener noreferrer\" data-saferedirecturl=\"https:\/\/www.google.com\/url?q=https:\/\/forms.gle\/gx4Vv2u8s1muNmjt8&amp;source=gmail&amp;ust=1592643267673000&amp;usg=AFQjCNFl6hY9pi6BwAmZlg5z74_SQsuiWw\">Formulari FAQS<\/a><\/p>\n<p><strong>Recordeu:<\/strong><br \/>\n<strong>Dijous 9 de juliol\u00a0 10h o\u00a0 a les 18h\u00a0 Videotrucada amb l&#8217;escola per dubtes i\/o preguntes.\u00a0<\/strong><\/p>\n<p><strong>Si voleu poder anotar les preguntes al\u00a0<a href=\"https:\/\/forms.gle\/gx4Vv2u8s1muNmjt8\" target=\"_blank\" rel=\"noopener noreferrer\" data-saferedirecturl=\"https:\/\/www.google.com\/url?q=https:\/\/forms.gle\/gx4Vv2u8s1muNmjt8&amp;source=gmail&amp;ust=1592643267673000&amp;usg=AFQjCNFl6hY9pi6BwAmZlg5z74_SQsuiWw\">Formulari FAQS\u00a0<\/a><\/strong><\/p>\n<p><strong>Rebreu la convocat\u00f2ria\u00a0de la reuni\u00f3 uns dies abans.<\/strong><\/p>\n<p>Moltes gr\u00e0cies de nou,<\/p>\n<p>Seguim!<\/p>\n<p style=\"text-align: center;\"><iframe loading=\"lazy\" src=\"https:\/\/drive.google.com\/file\/d\/1J8Mz7i-MqYJz_uL2ASgHF7wJH7typlmx\/preview\" width=\"640\" height=\"480\"><\/iframe><\/p>\n","protected":false},"excerpt":{"rendered":"<p>Bon dia fam\u00edlies,<br \/>\nDes de l&#8217;escola volem, agrair-vos a vosaltres i als vostres fills i filles tot l&#8217;acompanyament i esperit de superaci\u00f3 i adaptabilitat que heu tingut en aquesta gran sacsejada social. Gr\u00e0cies!<br \/>\nUs fem arribar, adjunt, el buidatge de la valoraci\u00f3 sobre el confinament que v\u00e0reu&hellip;  <a href=\"https:\/\/agora.xtec.cat\/esc-renaixencahostalets\/general\/faqs-inici-de-curs-20-21\/\" title=\"Read FAQs inici de curs 20\/21\">Llegeix m\u00e9s\u00bb<\/a><\/p>\n","protected":false},"author":11,"featured_media":0,"comment_status":"open","ping_status":"closed","sticky":false,"template":"","format":"standard","meta":{"_bbp_topic_count":0,"_bbp_reply_count":0,"_bbp_total_topic_count":0,"_bbp_total_reply_count":0,"_bbp_voice_count":0,"_bbp_anonymous_reply_count":0,"_bbp_topic_count_hidden":0,"_bbp_reply_count_hidden":0,"_bbp_forum_subforum_count":0,"footnotes":""},"categories":[1],"tags":[],"class_list":["post-6777","post","type-post","status-publish","format-standard","hentry","category-general"],"post_mailing_queue_ids":[],"_links":{"self":[{"href":"https:\/\/agora.xtec.cat\/esc-renaixencahostalets\/wp-json\/wp\/v2\/posts\/6777","targetHints":{"allow":["GET"]}}],"collection":[{"href":"https:\/\/agora.xtec.cat\/esc-renaixencahostalets\/wp-json\/wp\/v2\/posts"}],"about":[{"href":"https:\/\/agora.xtec.cat\/esc-renaixencahostalets\/wp-json\/wp\/v2\/types\/post"}],"author":[{"embeddable":true,"href":"https:\/\/agora.xtec.cat\/esc-renaixencahostalets\/wp-json\/wp\/v2\/users\/11"}],"replies":[{"embeddable":true,"href":"https:\/\/agora.xtec.cat\/esc-renaixencahostalets\/wp-json\/wp\/v2\/comments?post=6777"}],"version-history":[{"count":3,"href":"https:\/\/agora.xtec.cat\/esc-renaixencahostalets\/wp-json\/wp\/v2\/posts\/6777\/revisions"}],"predecessor-version":[{"id":6781,"href":"https:\/\/agora.xtec.cat\/esc-renaixencahostalets\/wp-json\/wp\/v2\/posts\/6777\/revisions\/6781"}],"wp:attachment":[{"href":"https:\/\/agora.xtec.cat\/esc-renaixencahostalets\/wp-json\/wp\/v2\/media?parent=6777"}],"wp:term":[{"taxonomy":"category","embeddable":true,"href":"https:\/\/agora.xtec.cat\/esc-renaixencahostalets\/wp-json\/wp\/v2\/categories?post=6777"},{"taxonomy":"post_tag","embeddable":true,"href":"https:\/\/agora.xtec.cat\/esc-renaixencahostalets\/wp-json\/wp\/v2\/tags?post=6777"}],"curies":[{"name":"wp","href":"https:\/\/api.w.org\/{rel}","templated":true}]}}