{"id":6753,"date":"2020-05-30T09:50:23","date_gmt":"2020-05-30T07:50:23","guid":{"rendered":"http:\/\/agora.xtec.cat\/esc-renaixencahostalets\/?p=6753"},"modified":"2020-09-11T13:56:07","modified_gmt":"2020-09-11T11:56:07","slug":"ajuts-de-menjador-pel-curs-20-21","status":"publish","type":"post","link":"https:\/\/agora.xtec.cat\/esc-renaixencahostalets\/general\/ajuts-de-menjador-pel-curs-20-21\/","title":{"rendered":"Ajuts de menjador pel curs 20-21."},"content":{"rendered":"<p>Bon dia fam\u00edlies,<\/p>\n<div><\/div>\n<div>Des del Consell Comarcal de l&#8217;Anoia ja han sortit els ajuts de menjador pel curs 20-21.<\/div>\n<div><\/div>\n<div><a href=\"http:\/\/www.anoia.cat\/departaments\/ensenyament\/ajuts-individuals-de-menjador\/\" target=\"_blank\" rel=\"noopener noreferrer\" data-saferedirecturl=\"https:\/\/www.google.com\/url?q=http:\/\/www.anoia.cat\/departaments\/ensenyament\/ajuts-individuals-de-menjador\/&amp;source=gmail&amp;ust=1590910981686000&amp;usg=AFQjCNHE1UCPAbuxCD3Yn9ykpa055e32IA\">http:\/\/www.anoia.cat\/<wbr \/>departaments\/ensenyament\/<wbr \/>ajuts-individuals-de-menjador\/<\/a><\/div>\n<div><\/div>\n<div>Enguany, i degut a la situaci\u00f3 excepcional que estem vivint, es podran fer online, demanant hora al Consell Comarcal (938051585) o demanant hora a l&#8217;escola (937712135).<\/div>\n<div><\/div>\n<div><b>Si demaneu hora a l&#8217;escola:<\/b><\/div>\n<div><b>\u00a0<\/b><\/div>\n<div>&#8211; Trucar (937712135) pels matins\u00a0 a partir del dia 1 de juny. (S&#8217;atendran beques del 3 al 19 ambd\u00f3s inclosos).<\/div>\n<div>&#8211; Haureu de portar els fulls ja impresos i omplerts i totes les fotoc\u00f2pies que us demanen a les instruccions.<\/div>\n<div>&#8211; El dia de la cita s&#8217;ha de venir amb mascareta i abans d&#8217;entrar al recinte escolar cal esperar que la conserge us doni les instruccions per entrar-hi, ja que hi haur\u00e0 nens i nenes per dins l&#8217;escola.<\/div>\n<div><\/div>\n<div><b>Dues modalitats de beques:<\/b><\/div>\n<div><\/div>\n<div><b>Modalitat 1<\/b>: Per totes aquelles fam\u00edlies que v\u00e0reu demanar beca el curs passat\u00a0<b>(<u>us la donessin o no<\/u>)<\/b>. Nom\u00e9s cal omplir i presentar el full que us adjuntem (modalitat-1-)\u00a0 sense presentar cap m\u00e9s documentaci\u00f3.<\/div>\n<div><\/div>\n<div><b>Modalitat 2<\/b>: Per totes aquelles fam\u00edlies que comenceu l&#8217;escolaritzaci\u00f3,\u00a0 per aquelles que heu canviat algun aspecte (padr\u00f3, separaci\u00f3 dels c\u00f2njugues, etc) o per aquelles que demaneu l&#8217;ajut i el curs passat no v\u00e0reu\u00a0fer-ho.<\/div>\n<div>Cal presentar el full que us adjuntem (modalitat-2-) i la documentaci\u00f3 que es demana.<\/div>\n<div><\/div>\n<div>Si alguna fam\u00edlia (de modalitat-2-)\u00a0 necessita l&#8217;informe de serveis socials pels ajuts de menjador cal que demani hora a l&#8217;Ajuntament (937712112)<\/div>\n<div><\/div>\n<div>Qualsevol dubte o q\u00fcesti\u00f3 no aclarida podeu escriure un correu en aquesta adre\u00e7a mateixa.<\/div>\n<div><\/div>\n<div>Moltes gr\u00e0cies.<\/div>\n<div style=\"text-align: center;\"><iframe loading=\"lazy\" src=\"https:\/\/drive.google.com\/file\/d\/10jhA58cvxDisotuLc-6fRwPxS1jOQF9X\/preview\" width=\"640\" height=\"900\"><span data-mce-type=\"bookmark\" style=\"display: inline-block; width: 0px; overflow: hidden; line-height: 0;\" class=\"mce_SELRES_start\">\ufeff<\/span><span data-mce-type=\"bookmark\" style=\"display: inline-block; width: 0px; overflow: hidden; line-height: 0;\" class=\"mce_SELRES_start\">\ufeff<\/span><span data-mce-type=\"bookmark\" style=\"display: inline-block; width: 0px; overflow: hidden; line-height: 0;\" class=\"mce_SELRES_start\">\ufeff<\/span><\/iframe><\/div>\n<div><\/div>\n","protected":false},"excerpt":{"rendered":"<p>Bon dia fam\u00edlies,<\/p>\n<p>Des del Consell Comarcal de l&#8217;Anoia ja han sortit els ajuts de menjador pel curs 20-21.<\/p>\n<p><a href=\"http:\/\/www.anoia.cat\/departaments\/ensenyament\/ajuts-individuals-de-menjador\/\" target=\"_blank\" rel=\"noopener noreferrer\" data-saferedirecturl=\"https:\/\/www.google.com\/url?q=http:\/\/www.anoia.cat\/departaments\/ensenyament\/ajuts-individuals-de-menjador\/&amp;source=gmail&amp;ust=1590910981686000&amp;usg=AFQjCNHE1UCPAbuxCD3Yn9ykpa055e32IA\">http:\/\/www.anoia.cat\/departaments\/ensenyament\/ajuts-individuals-de-menjador\/<\/a><\/p>\n<p>Enguany, i degut a la situaci\u00f3 excepcional que estem vivint, es podran fer online, demanant hora al Consell Comarcal (938051585) o demanant hora&hellip;  <a href=\"https:\/\/agora.xtec.cat\/esc-renaixencahostalets\/general\/ajuts-de-menjador-pel-curs-20-21\/\" title=\"Read Ajuts de menjador pel curs 20-21.\">Llegeix m\u00e9s\u00bb<\/a><\/p>\n","protected":false},"author":1,"featured_media":6754,"comment_status":"open","ping_status":"closed","sticky":false,"template":"","format":"standard","meta":{"_bbp_topic_count":0,"_bbp_reply_count":0,"_bbp_total_topic_count":0,"_bbp_total_reply_count":0,"_bbp_voice_count":0,"_bbp_anonymous_reply_count":0,"_bbp_topic_count_hidden":0,"_bbp_reply_count_hidden":0,"_bbp_forum_subforum_count":0,"footnotes":""},"categories":[10,11,12,13,14,15,104,1,105],"tags":[],"class_list":["post-6753","post","type-post","status-publish","format-standard","has-post-thumbnail","hentry","category-1r","category-2n","category-3r","category-4t","category-5e","category-6e","category-beques","category-general","category-preinscripcions"],"post_mailing_queue_ids":[],"_links":{"self":[{"href":"https:\/\/agora.xtec.cat\/esc-renaixencahostalets\/wp-json\/wp\/v2\/posts\/6753","targetHints":{"allow":["GET"]}}],"collection":[{"href":"https:\/\/agora.xtec.cat\/esc-renaixencahostalets\/wp-json\/wp\/v2\/posts"}],"about":[{"href":"https:\/\/agora.xtec.cat\/esc-renaixencahostalets\/wp-json\/wp\/v2\/types\/post"}],"author":[{"embeddable":true,"href":"https:\/\/agora.xtec.cat\/esc-renaixencahostalets\/wp-json\/wp\/v2\/users\/1"}],"replies":[{"embeddable":true,"href":"https:\/\/agora.xtec.cat\/esc-renaixencahostalets\/wp-json\/wp\/v2\/comments?post=6753"}],"version-history":[{"count":1,"href":"https:\/\/agora.xtec.cat\/esc-renaixencahostalets\/wp-json\/wp\/v2\/posts\/6753\/revisions"}],"predecessor-version":[{"id":6755,"href":"https:\/\/agora.xtec.cat\/esc-renaixencahostalets\/wp-json\/wp\/v2\/posts\/6753\/revisions\/6755"}],"wp:featuredmedia":[{"embeddable":true,"href":"https:\/\/agora.xtec.cat\/esc-renaixencahostalets\/wp-json\/wp\/v2\/media\/6754"}],"wp:attachment":[{"href":"https:\/\/agora.xtec.cat\/esc-renaixencahostalets\/wp-json\/wp\/v2\/media?parent=6753"}],"wp:term":[{"taxonomy":"category","embeddable":true,"href":"https:\/\/agora.xtec.cat\/esc-renaixencahostalets\/wp-json\/wp\/v2\/categories?post=6753"},{"taxonomy":"post_tag","embeddable":true,"href":"https:\/\/agora.xtec.cat\/esc-renaixencahostalets\/wp-json\/wp\/v2\/tags?post=6753"}],"curies":[{"name":"wp","href":"https:\/\/api.w.org\/{rel}","templated":true}]}}