{"id":6722,"date":"2020-05-08T22:18:30","date_gmt":"2020-05-08T20:18:30","guid":{"rendered":"http:\/\/agora.xtec.cat\/esc-renaixencahostalets\/?p=6722"},"modified":"2020-06-19T10:58:34","modified_gmt":"2020-06-19T08:58:34","slug":"preinscripcio-pel-curs-20-21","status":"publish","type":"post","link":"https:\/\/agora.xtec.cat\/esc-renaixencahostalets\/general\/preinscripcio-pel-curs-20-21\/","title":{"rendered":"PREINSCRIPCI\u00d3 PEL CURS 20\/21"},"content":{"rendered":"<p style=\"text-align: center;\"><iframe loading=\"lazy\" src=\"https:\/\/drive.google.com\/file\/d\/1v2RvMNI7AZLRLtiFDoPVGrgdAbooZLzk\/preview\" width=\"640\" height=\"350\"><span data-mce-type=\"bookmark\" style=\"display: inline-block; width: 0px; overflow: hidden; line-height: 0;\" class=\"mce_SELRES_start\">\ufeff<\/span><span data-mce-type=\"bookmark\" style=\"display: inline-block; width: 0px; overflow: hidden; line-height: 0;\" class=\"mce_SELRES_start\">\ufeff<\/span><\/iframe><\/p>\n<p>&nbsp;<\/p>\n<p style=\"text-align: left;\">Degut al COVID 19 enguany les preinscripcions a l&#8217;escola s&#8217;hauran de fer per via telem\u00e0tica a la p\u00e0gina :<\/p>\n<p style=\"text-align: center;\">\u00a0\u00a0<a href=\"http:\/\/queestudiar.gencat.cat\/ca\/preinscripcio\/estudis\/obligatoris\/\" target=\"_blank\" rel=\"noopener noreferrer\" data-saferedirecturl=\"https:\/\/www.google.com\/url?q=http:\/\/queestudiar.gencat.cat\/ca\/preinscripcio\/estudis\/obligatoris\/&amp;source=gmail&amp;ust=1589054751882000&amp;usg=AFQjCNHyjIHfPmYqTO-YhhlUzOWo5UoHNw\">http:\/\/queestudiar.gencat.<wbr \/>cat\/ca\/preinscripcio\/estudis\/<wbr \/>obligatoris\/<\/a><\/p>\n<p><strong>L&#8217;alumnat que ja estava matriculat a l&#8217;escola durant el curs 2019-20 (de P3 a 6\u00e8) no ha de realitzar cap tr\u00e0mit de cara al curs vinent per matricular-se en els cursos que els correspongui de P4 a 1r d&#8217;ESO i tenen les places assegurades.<\/strong><\/p>\n<p><b>Dates:\u00a0 \u00a0<\/b><\/p>\n<p>* Del 13 al 22 (ambd\u00f3s inclosos) per via telem\u00e0tica<\/p>\n<p>* Nom\u00e9s per aquelles fam\u00edlies\u00a0<b>que no ho puguin fer per via telem\u00e0tica<\/b>: del 19 al 22 (ambd\u00f3s inclosos) Demanant cita pr\u00e8via al tel\u00e8fon: 937712135 a partir del 15 de maig de 9 a 13h.<\/p>\n<p><img loading=\"lazy\" decoding=\"async\" class=\"size-full wp-image-6569 alignleft\" src=\"https:\/\/agora.xtec.cat\/esc-renaixencahostalets\/wp-content\/uploads\/usu1823\/2020\/03\/colors.jpg\" alt=\"\" width=\"512\" height=\"341\" srcset=\"https:\/\/agora.xtec.cat\/esc-renaixencahostalets\/wp-content\/uploads\/usu1823\/2020\/03\/colors.jpg 512w, https:\/\/agora.xtec.cat\/esc-renaixencahostalets\/wp-content\/uploads\/usu1823\/2020\/03\/colors-300x200.jpg 300w\" sizes=\"auto, (max-width: 512px) 100vw, 512px\" \/><\/p>\n<p>&nbsp;<\/p>\n<p><b>Si ho feu per via telem\u00e0tica heu de saber:<\/b><\/p>\n<p>&#8211; L&#8217;aplicatiu generar\u00e0 un resguard que haureu d&#8217;enviar, juntament amb la documentaci\u00f3 escanejada (DNI, etc.) al correu de l&#8217;escola <a href=\"mailto:a8022793@xtec.cat\" target=\"_blank\" rel=\"noopener noreferrer\">a8022793@xtec.cat<\/a><\/p>\n<p>No haureu de fer res m\u00e9s. Si falta alguna documentaci\u00f3 ja ens posarem en contacte amb vosaltres.<\/p>\n<p>&#8211; Si teniu dubtes alhora d&#8217;omplir l&#8217;aplicatiu podeu trucar a l&#8217;escola (937712135) en horari de 9 a 13h.<\/p>\n<p><b>Si ho feu presencialment heu de saber:<\/b><\/p>\n<p>&#8211; Heu de demanar hora a partir del divendres 15 de maig de 9 a 13h al telf. 937712135.<\/p>\n<p>&#8211; Haureu de venir, nom\u00e9s una persona, obligat\u00f2riament amb mascareta, guants i bol\u00edgraf a l&#8217;hora acordada<\/p>\n<p>&#8211; Haureu de portar totes les fotoc\u00f2pies ja fetes de la documentaci\u00f3 necess\u00e0ria ( DNI, tarja sanit\u00e0ria, etc)<\/p>\n<p>&nbsp;<\/p>\n<p style=\"text-align: center;\"><b>NOU CODI DE L&#8217;INSTITUT\u00a0ESCOLA RENAIXEN\u00c7A: 08076960\u00a0<\/b><\/p>\n<p style=\"text-align: center;\">???Clica per m\u00e9s informaci\u00f3 ???<\/p>\n<p style=\"text-align: center;\"><a href=\"https:\/\/web.gencat.cat\/ca\/videos\/index.html?bigId=7997472117050820\"><img loading=\"lazy\" decoding=\"async\" class=\"alignnone size-full wp-image-6728 aligncenter\" src=\"https:\/\/agora.xtec.cat\/esc-renaixencahostalets\/wp-content\/uploads\/usu1823\/2020\/05\/13maig.png\" alt=\"\" width=\"379\" height=\"216\" srcset=\"https:\/\/agora.xtec.cat\/esc-renaixencahostalets\/wp-content\/uploads\/usu1823\/2020\/05\/13maig.png 379w, https:\/\/agora.xtec.cat\/esc-renaixencahostalets\/wp-content\/uploads\/usu1823\/2020\/05\/13maig-300x171.png 300w\" sizes=\"auto, (max-width: 379px) 100vw, 379px\" \/><\/a><\/p>\n<p>&nbsp;<\/p>\n","protected":false},"excerpt":{"rendered":"<p>\ufeff\ufeff<br \/>\n&nbsp;<br \/>\nDegut al COVID 19 enguany les preinscripcions a l&#8217;escola s&#8217;hauran de fer per via telem\u00e0tica a la p\u00e0gina :<br \/>\n\u00a0\u00a0<a href=\"http:\/\/queestudiar.gencat.cat\/ca\/preinscripcio\/estudis\/obligatoris\/\" target=\"_blank\" rel=\"noopener noreferrer\" data-saferedirecturl=\"https:\/\/www.google.com\/url?q=http:\/\/queestudiar.gencat.cat\/ca\/preinscripcio\/estudis\/obligatoris\/&amp;source=gmail&amp;ust=1589054751882000&amp;usg=AFQjCNHyjIHfPmYqTO-YhhlUzOWo5UoHNw\">http:\/\/queestudiar.gencat.cat\/ca\/preinscripcio\/estudis\/obligatoris\/<\/a><br \/>\nL&#8217;alumnat que ja estava matriculat a l&#8217;escola durant el curs 2019-20 (de P3 a 6\u00e8) no ha de realitzar cap tr\u00e0mit de&hellip;  <a href=\"https:\/\/agora.xtec.cat\/esc-renaixencahostalets\/general\/preinscripcio-pel-curs-20-21\/\" title=\"Read PREINSCRIPCI\u00d3 PEL CURS 20\/21\">Llegeix m\u00e9s\u00bb<\/a><\/p>\n","protected":false},"author":1,"featured_media":6569,"comment_status":"open","ping_status":"closed","sticky":false,"template":"","format":"standard","meta":{"_bbp_topic_count":0,"_bbp_reply_count":0,"_bbp_total_topic_count":0,"_bbp_total_reply_count":0,"_bbp_voice_count":0,"_bbp_anonymous_reply_count":0,"_bbp_topic_count_hidden":0,"_bbp_reply_count_hidden":0,"_bbp_forum_subforum_count":0,"footnotes":""},"categories":[1,105],"tags":[],"class_list":["post-6722","post","type-post","status-publish","format-standard","has-post-thumbnail","hentry","category-general","category-preinscripcions"],"post_mailing_queue_ids":[],"_links":{"self":[{"href":"https:\/\/agora.xtec.cat\/esc-renaixencahostalets\/wp-json\/wp\/v2\/posts\/6722","targetHints":{"allow":["GET"]}}],"collection":[{"href":"https:\/\/agora.xtec.cat\/esc-renaixencahostalets\/wp-json\/wp\/v2\/posts"}],"about":[{"href":"https:\/\/agora.xtec.cat\/esc-renaixencahostalets\/wp-json\/wp\/v2\/types\/post"}],"author":[{"embeddable":true,"href":"https:\/\/agora.xtec.cat\/esc-renaixencahostalets\/wp-json\/wp\/v2\/users\/1"}],"replies":[{"embeddable":true,"href":"https:\/\/agora.xtec.cat\/esc-renaixencahostalets\/wp-json\/wp\/v2\/comments?post=6722"}],"version-history":[{"count":5,"href":"https:\/\/agora.xtec.cat\/esc-renaixencahostalets\/wp-json\/wp\/v2\/posts\/6722\/revisions"}],"predecessor-version":[{"id":20289,"href":"https:\/\/agora.xtec.cat\/esc-renaixencahostalets\/wp-json\/wp\/v2\/posts\/6722\/revisions\/20289"}],"wp:featuredmedia":[{"embeddable":true,"href":"https:\/\/agora.xtec.cat\/esc-renaixencahostalets\/wp-json\/wp\/v2\/media\/6569"}],"wp:attachment":[{"href":"https:\/\/agora.xtec.cat\/esc-renaixencahostalets\/wp-json\/wp\/v2\/media?parent=6722"}],"wp:term":[{"taxonomy":"category","embeddable":true,"href":"https:\/\/agora.xtec.cat\/esc-renaixencahostalets\/wp-json\/wp\/v2\/categories?post=6722"},{"taxonomy":"post_tag","embeddable":true,"href":"https:\/\/agora.xtec.cat\/esc-renaixencahostalets\/wp-json\/wp\/v2\/tags?post=6722"}],"curies":[{"name":"wp","href":"https:\/\/api.w.org\/{rel}","templated":true}]}}