{"id":6691,"date":"2020-04-14T08:01:09","date_gmt":"2020-04-14T06:01:09","guid":{"rendered":"http:\/\/agora.xtec.cat\/esc-renaixencahostalets\/?p=6691"},"modified":"2020-04-13T23:07:35","modified_gmt":"2020-04-13T21:07:35","slug":"misteri-a-lescola-5","status":"publish","type":"post","link":"https:\/\/agora.xtec.cat\/esc-renaixencahostalets\/general\/misteri-a-lescola-5\/","title":{"rendered":"Misteri a l&#8217;escola 5"},"content":{"rendered":"<p style=\"text-align: justify;\"><strong>Gr\u00e0cies a la vostra col\u00b7laboraci\u00f3<\/strong> ens vau demanar que mir\u00e9ssim amb m\u00e9s detall petjades i si hi havia algun cabell. Els t\u00e8cnics de <strong>TROLA<\/strong> hem tornat al lloc dels fets i hem observat amb molta m\u00e9s delicadesa aquestes dues hip\u00f2tesis. Vam trobar un cabell que hem portat a analitzar al nostre laboratori i tamb\u00e9 petjades del n\u00famero 37.<br \/>\nDes del laboratori de TROLA ens confirmen que es tracta d\u2019un cabell d\u2019una persona humana. \u00c9s un cabell d\u2019uns 40 cm de llargada, color castany fosc i que ni est\u00e0 ni tenyit ni t\u00e9 metxes.<br \/>\nPer tant, amb tota aquesta informaci\u00f3 ja podem saber qui \u00e9s la culpable\u2026 No poden haver-hi gaires sospitoses que compleixin amb tots aquests requisits.<\/p>\n<p style=\"text-align: justify;\">I vosaltres, ja sabeu qui \u00e9s? Penseu igual que nosaltres?<br \/>\nOmpliu<strong> <a href=\"https:\/\/forms.gle\/GBpEqUp3LgihVmtf6\">aquest<\/a> <\/strong>formulari amb qui creieu que \u00e9s la culpable de la desaparici\u00f3 del Pocaxixa.<br \/>\nDijous us informarem de la resoluci\u00f3 del cas.<\/p>\n<p style=\"text-align: center;\"><iframe loading=\"lazy\" src=\"https:\/\/drive.google.com\/file\/d\/1m7BjByQpXrXWaHzNcPKiTbzUKOuWTIiv\/preview\" width=\"860\" height=\"480\"><span data-mce-type=\"bookmark\" style=\"display: inline-block; width: 0px; overflow: hidden; line-height: 0;\" class=\"mce_SELRES_start\">\ufeff<\/span><\/iframe><\/p>\n","protected":false},"excerpt":{"rendered":"<p>Gr\u00e0cies a la vostra col\u00b7laboraci\u00f3 ens vau demanar que mir\u00e9ssim amb m\u00e9s detall petjades i si hi havia algun cabell. Els t\u00e8cnics de TROLA hem tornat al lloc dels fets i hem observat amb molta m\u00e9s delicadesa aquestes dues hip\u00f2tesis. Vam trobar un cabell que&hellip;  <a href=\"https:\/\/agora.xtec.cat\/esc-renaixencahostalets\/general\/misteri-a-lescola-5\/\" title=\"Read Misteri a l&#8217;escola 5\">Llegeix m\u00e9s\u00bb<\/a><\/p>\n","protected":false},"author":1,"featured_media":0,"comment_status":"open","ping_status":"closed","sticky":false,"template":"","format":"standard","meta":{"_bbp_topic_count":0,"_bbp_reply_count":0,"_bbp_total_topic_count":0,"_bbp_total_reply_count":0,"_bbp_voice_count":0,"_bbp_anonymous_reply_count":0,"_bbp_topic_count_hidden":0,"_bbp_reply_count_hidden":0,"_bbp_forum_subforum_count":0,"footnotes":""},"categories":[1],"tags":[],"class_list":["post-6691","post","type-post","status-publish","format-standard","hentry","category-general"],"post_mailing_queue_ids":[],"_links":{"self":[{"href":"https:\/\/agora.xtec.cat\/esc-renaixencahostalets\/wp-json\/wp\/v2\/posts\/6691","targetHints":{"allow":["GET"]}}],"collection":[{"href":"https:\/\/agora.xtec.cat\/esc-renaixencahostalets\/wp-json\/wp\/v2\/posts"}],"about":[{"href":"https:\/\/agora.xtec.cat\/esc-renaixencahostalets\/wp-json\/wp\/v2\/types\/post"}],"author":[{"embeddable":true,"href":"https:\/\/agora.xtec.cat\/esc-renaixencahostalets\/wp-json\/wp\/v2\/users\/1"}],"replies":[{"embeddable":true,"href":"https:\/\/agora.xtec.cat\/esc-renaixencahostalets\/wp-json\/wp\/v2\/comments?post=6691"}],"version-history":[{"count":3,"href":"https:\/\/agora.xtec.cat\/esc-renaixencahostalets\/wp-json\/wp\/v2\/posts\/6691\/revisions"}],"predecessor-version":[{"id":6695,"href":"https:\/\/agora.xtec.cat\/esc-renaixencahostalets\/wp-json\/wp\/v2\/posts\/6691\/revisions\/6695"}],"wp:attachment":[{"href":"https:\/\/agora.xtec.cat\/esc-renaixencahostalets\/wp-json\/wp\/v2\/media?parent=6691"}],"wp:term":[{"taxonomy":"category","embeddable":true,"href":"https:\/\/agora.xtec.cat\/esc-renaixencahostalets\/wp-json\/wp\/v2\/categories?post=6691"},{"taxonomy":"post_tag","embeddable":true,"href":"https:\/\/agora.xtec.cat\/esc-renaixencahostalets\/wp-json\/wp\/v2\/tags?post=6691"}],"curies":[{"name":"wp","href":"https:\/\/api.w.org\/{rel}","templated":true}]}}