{"id":6626,"date":"2020-03-19T10:34:40","date_gmt":"2020-03-19T09:34:40","guid":{"rendered":"http:\/\/agora.xtec.cat\/esc-renaixencahostalets\/?p=6626"},"modified":"2020-03-19T10:35:18","modified_gmt":"2020-03-19T09:35:18","slug":"aprofitem-per-seguir-aprenent","status":"publish","type":"post","link":"https:\/\/agora.xtec.cat\/esc-renaixencahostalets\/general\/aprofitem-per-seguir-aprenent\/","title":{"rendered":"Aprofitem per seguir aprenent!"},"content":{"rendered":"<p><a href=\"www.edu365.cat\"><img loading=\"lazy\" decoding=\"async\" class=\"wp-image-6628 alignright\" src=\"https:\/\/agora.xtec.cat\/esc-renaixencahostalets\/wp-content\/uploads\/usu1823\/2020\/03\/Screenshot_2020-03-19-EDU365-1024x780.png\" alt=\"\" width=\"505\" height=\"385\" srcset=\"https:\/\/agora.xtec.cat\/esc-renaixencahostalets\/wp-content\/uploads\/usu1823\/2020\/03\/Screenshot_2020-03-19-EDU365-1024x780.png 1024w, https:\/\/agora.xtec.cat\/esc-renaixencahostalets\/wp-content\/uploads\/usu1823\/2020\/03\/Screenshot_2020-03-19-EDU365-300x229.png 300w, https:\/\/agora.xtec.cat\/esc-renaixencahostalets\/wp-content\/uploads\/usu1823\/2020\/03\/Screenshot_2020-03-19-EDU365-768x585.png 768w, https:\/\/agora.xtec.cat\/esc-renaixencahostalets\/wp-content\/uploads\/usu1823\/2020\/03\/Screenshot_2020-03-19-EDU365.png 1320w\" sizes=\"auto, (max-width: 505px) 100vw, 505px\" \/><\/a>Des de la p\u00e0gina <a href=\"http:\/\/www.xtec.cat\">xtec.cat <\/a>ens ofereixen un conjunt de p\u00e0gines molt interessants amb activitats per a tota la comunitat educativa, des d&#8217;alumnes fins a mestres. Creiem que \u00e9s una iniciativa molt interessant i ha tenir en compte, ja que ens ofereix un conjunt d&#8217;eines de qualitat, elaborades i mantingudes per experts, per aprendre sobre diversitat de temes i aprofitar la nostra curiositat i aquest temps extra a casa per ampliar les fronteres del nostre coneixement de forma GRATU\u00cfTA !<\/p>\n<p>I l&#8217;<a href=\"http:\/\/www.edu365.cat\">edu365.cat<\/a> T\u00e9 m\u00e9s activitats i recursos que mai!<\/p>\n<p>&nbsp;<\/p>\n<p>&nbsp;<\/p>\n<p>&nbsp;<\/p>\n<div id=\"306543a2-67ac-11ea-88fa-005056924a59\" class=\"fpca_article pd-15\">\n<div>\n<div>\n<div class=\"row\">\n<div class=\"basic_text_peq col-xs-12\">\n<div class=\"pd-15x\">\n<p>Igualment, a l&#8217;apartat de formaci\u00f3 hi trobareu la <a href=\"http:\/\/xtec.gencat.cat\/ca\/formacio\/formacio-extraordinaria-oberta\/\" target=\"_blank\" rel=\"noopener noreferrer\"><strong>nova proposta formativa<\/strong><\/a>, creada en el marc d&#8217;aquest context extraordinari.<\/p>\n<\/div>\n<\/div>\n<\/div>\n<\/div>\n<\/div>\n<div class=\"llistat_collapse\">\n<div id=\"acordio_distribuidora\" class=\"panel-group llistat_collapse_cont\"><\/div>\n<\/div>\n<\/div>\n<div class=\"fpca_distribuidora pd-15 pd-30\">\n<div class=\"llistat_destacat_text_avancat\">\n<div class=\"llistat_col-lg-3 nova-altura-dist fila_0\">\n<div class=\"col-xs-12 corrector-margins col-sm-4\">\n<div class=\"box destacat_text_avancat_cont distribuidora-nova-3\">\n<h6 class=\"border_taronja2\"><a title=\"Recursos del Departament d'Educaci\u00f3\" href=\"http:\/\/xtec.gencat.cat\/ca\/recursos\/actuacio-extraordinaria-activitats-autoaprenentatge\/recursos-dept-educacio\/\">Recursos del Departament d&#8217;Educaci\u00f3<\/a> \u00a0\u00a0 \u00a0\u00a0 \u00a0\u00a0 \u00a0\u00a0 \u00a0\u00a0 \u00a0\u00a0 \u00a0\u00a0 \u00a0\u00a0 \u00a0\u00a0 \u00a0\u00a0 \u00a0\u00a0 \u00a0\u00a0 \u00a0\u00a0 \u00a0\u00a0<a title=\"Recursos externs\" href=\"http:\/\/xtec.gencat.cat\/ca\/recursos\/actuacio-extraordinaria-activitats-autoaprenentatge\/recursos-externs\/\">Recursos externs<\/a> \u00a0 \u00a0 \u00a0 \u00a0 \u00a0 \u00a0 \u00a0 \u00a0 \u00a0 \u00a0 \u00a0 \u00a0 \u00a0 \u00a0 \u00a0 \u00a0 \u00a0 \u00a0 \u00a0 \u00a0 \u00a0 <a title=\"Recursos de creaci\u00f3 de continguts\" href=\"http:\/\/xtec.gencat.cat\/ca\/recursos\/actuacio-extraordinaria-activitats-autoaprenentatge\/recursos-creacio-continguts\/\">Recursos de creaci\u00f3 de continguts<\/a><\/h6>\n<\/div>\n<\/div>\n<\/div>\n<\/div>\n<\/div>\n<p>&nbsp;<\/p>\n<div id=\"0d60f614-67ae-11ea-88fa-005056924a59\" class=\"fpca_article pd-15\">\n<div>\n<div>\n<div class=\"row\">\n<div class=\"basic_text_peq col-xs-12\">\n<div class=\"pd-15x\">\n<p>&#8220;<em>Des del Departament d\u2019Educaci\u00f3 us animem a aprofitar aquests dies per aprofundir en aquells aspectes que tenen a veure amb la vostra pr\u00e0ctica docent i tamb\u00e9 per prendre part en diferents activitats de formaci\u00f3 a dist\u00e0ncia. Per fer-ho, us oferim, tot seguit, la <strong>nova proposta formativa<\/strong>\u00a0creada en el marc d\u2019aquest context extraordinari.<\/em><\/p>\n<p><em>Igualment, a l&#8217;apartat de recursos hi trobareu un recull\u00a0actualitzat de\u00a0<strong><a href=\"http:\/\/xtec.gencat.cat\/ca\/recursos\/actuacio-extraordinaria-activitats-autoaprenentatge\/index.html\" target=\"_blank\" rel=\"noopener noreferrer\">recursos i activitats did\u00e0ctiques en l\u00ednia<\/a>\u00a0<\/strong>que us pot ser d&#8217;ajut<\/em>.&#8221;<\/p>\n<\/div>\n<\/div>\n<\/div>\n<\/div>\n<\/div>\n<div class=\"llistat_collapse\">\n<div id=\"acordio_distribuidora\" class=\"panel-group llistat_collapse_cont\"><\/div>\n<\/div>\n<\/div>\n<div id=\"d8bde8e7-644f-11ea-8802-005056924a59\" class=\"fpca_article pd-15\">\n<div>\n<div>\n<div class=\"row\">\n<div class=\"basic_text col-xs-12 pd-30 off-margin-bottom pd-15\"><\/div>\n<div class=\"basic_text_peq col-xs-12\">\n<div class=\"pd-15x\"><\/div>\n<\/div>\n<\/div>\n<\/div>\n<\/div>\n<div class=\"llistat_collapse\">\n<div id=\"acordio_distribuidora\" class=\"panel-group llistat_collapse_cont\">\n<div class=\"panel panel-default\">\n<div class=\"panel-heading\">\n<h2 class=\"panel-title\"><a class=\"\" href=\"http:\/\/xtec.gencat.cat\/ca\/formacio\/formacio-extraordinaria-oberta\/#bloc1\" data-toggle=\"collapse\" data-parent=\"#acordio_distribuidora\">Activitats autoformatives (no certificables)<\/a><\/h2>\n<\/div>\n<div id=\"bloc1\" class=\"panel-collapse collapse in\">\n<div class=\"col-xs-12 columna_esquerra\">\n<div class=\"cos_bloc basic_text_peq pd-15\">\n<p><strong><a href=\"https:\/\/odissea.xtec.cat\/course\/view.php?id=63843\" target=\"_blank\" rel=\"noopener noreferrer\">Entorn Personal d&#8217;aprenentatge i Portafolis digital<\/a><\/strong><br \/>\nEl curs est\u00e0 orientat a les habilitats i destreses de gesti\u00f3 del propi portafolis digital, i les seves les opcions d&#8217;aplicaci\u00f3 a l&#8217;aula que us pot oferir l&#8217;assoliment d&#8217;aquestes destreses de gesti\u00f3 del WordPress.<\/p>\n<p><strong><a href=\"https:\/\/odissea.xtec.cat\/course\/view.php?id=61788\" target=\"_blank\" rel=\"noopener noreferrer\">Iniciaci\u00f3 al Moodle<\/a><\/strong><br \/>\nLa finalitat d&#8217;aquest curs d&#8217;iniciaci\u00f3 \u00e9s que les persones participants desenvolupin les habilitats b\u00e0siques que els permetin construir una unitat did\u00e0ctica funcional en el Moodle.<\/p>\n<p><strong><a href=\"https:\/\/odissea.xtec.cat\/course\/view.php?id=9182\" target=\"_blank\" rel=\"noopener noreferrer\">La meva XTEC<\/a><\/strong><br \/>\nLa finalitat del curs \u00e9s con\u00e8ixer el m\u00e0xim de funcionalitats dels serveis personalitzats de La meva XTEC per tal d&#8217;optimitzar el seu \u00fas i millorar la comunicaci\u00f3 entre els equips docents, aix\u00ed com l&#8217;organitzaci\u00f3 de la informaci\u00f3 i el treball col\u00b7laboratiu.<\/p>\n<p><strong><a href=\"https:\/\/odissea.xtec.cat\/course\/view.php?id=61726\" target=\"_blank\" rel=\"noopener noreferrer\">La R\u00e0dio a l&#8217;escola<\/a><\/strong><br \/>\nAquest curs \u00e9s d&#8217;autoformaci\u00f3 per aquelles persones que us voleu inspirar per a fer activitats a l&#8217;escola o institut relacionades amb la R\u00e0dio Escolar.<\/p>\n<p><strong><a href=\"https:\/\/odissea.xtec.cat\/course\/view.php?id=58902\" target=\"_blank\" rel=\"noopener noreferrer\">Internet Segura<\/a><\/strong><br \/>\nEn aquest curs trobareu informaci\u00f3 respecte seguretat i identitat digital a la xarxa, relacionat sobretot amb les oportunitats i riscos que es poden trobar els menors i els joves, en l&#8217;\u00fas quotidi\u00e0 de la tecnologia<\/p>\n<p><strong><a href=\"http:\/\/xtec.gencat.cat\/ca\/innovacio\/cesire\/\" target=\"_blank\" rel=\"noopener noreferrer\">Posa\u2019t al dia<\/a><\/strong><br \/>\nDes del CESIRE s\u2019ha preparat una selecci\u00f3 de continguts sota la denominaci\u00f3 de <a href=\"https:\/\/agora.xtec.cat\/cesire\/cesire\/posat-al-dia\/\">Posa\u2019t al dia<\/a> per si esteu en disposici\u00f3 de dedicar una part del vostre temps a activitats autoformatives d\u2019actualitzaci\u00f3 did\u00e0ctica. Hi trobareu un cat\u00e0leg de propostes ben variat: de car\u00e0cter general, per \u00e0mbits de coneixement, relacionades amb la recerca educativa\u2026 Ser\u00e0 una llista din\u00e0mica que anir\u00e0 creixent en els propers dies. Podeu seguir aquesta iniciativa tamb\u00e9 per Twitter (<a href=\"https:\/\/twitter.com\/cesirecat\" target=\"_blank\" rel=\"noopener noreferrer\">@cesirecat<\/a>) amb l\u2019etiqueta #emposoaldia<\/p>\n<p><strong><a href=\"https:\/\/odissea.xtec.cat\/mod\/page\/view.php?id=735886\" target=\"_blank\" rel=\"noopener noreferrer\">Taller Obert: V\u00eddeo i m\u00f2bils<\/a><\/strong><br \/>\n\u00c9s un espai de participaci\u00f3 i punt de trobada de docents.\u00a0L\u2019objectiu dels tallers oberts \u00e9s apropar i compartir necessitats, coneixements, informaci\u00f3 i propostes sobre instruments i metodologies innovadores per a l\u2019aula. Cada m\u00f2dul partir\u00e0 d\u2019un escenari, \u00e9s a dir, d\u2019una situaci\u00f3 real o versemblant que es podria donar a qualsevol centre docent. A partir d\u2019aquest escenari es plantejaran una s\u00e8rie d&#8217;activitats a les quals els participants hauran de donar resposta utilitzant els serveis abans esmentats.<br \/>\nL&#8217;objectiu d\u2019aquest tallers \u00e9s que el proc\u00e9s de creaci\u00f3 audiovisual es converteixi en un mitj\u00e0 d\u2019expressi\u00f3 i comunicaci\u00f3 de reflexions i aprenentatges.<\/p>\n<p><strong><a href=\"https:\/\/odissea.xtec.cat\/course\/view.php?id=63884\" target=\"_blank\" rel=\"noopener noreferrer\">TGAM-Taller obert: Gamifica!<\/a><\/strong><br \/>\nLa gamificaci\u00f3 \u00e9s el proc\u00e9s d&#8217;utilitzar el pensament del joc i la mec\u00e0nica del joc aplicada a l\u2019educaci\u00f3 amb l\u2019objectiu de motivar els alumnes en el proc\u00e9s d\u2019aprenentatge. Les persones participants en aquest taller construiran una proposta did\u00e0ctica gamificada simple integrant els recursos i serveis que ja utilitzen amb altres de nous, despr\u00e9s de la seva identificaci\u00f3 i an\u00e0lisi en funci\u00f3 de les mat\u00e8ries i nivells educatius en els que treballen.<\/p>\n<p><strong><a href=\"https:\/\/odissea.xtec.cat\/course\/view.php?id=63883\" target=\"_blank\" rel=\"noopener noreferrer\">TFVI &#8211; Taller Obert: Fem un viatge virtual<\/a><\/strong><br \/>\nPer con\u00e8ixer i fer servir la geolocalitzaci\u00f3 com a vehicle d&#8217;escenaris d&#8217;aprenentatge rics, en un centre educatiu, han decidit utilitzar diversos recursos com Google Maps, Mobile History Map (MHM) i Instamaps. Abans de proposar a l&#8217;alumnat el treball amb aquestes aplicacions, decideixen treballar-hi ells. Realitzaran el seu itinerari &#8220;imaginari&#8221; on geolocalitzaran els diferents POI (de l\u2019angl\u00e8s Point of Interest) o PdI (Punt de Inter\u00e8s) que ells consideren destacables i posteriorment aniran afegint informaci\u00f3 addicional.<\/p>\n<p>&nbsp;<\/p>\n<p dir=\"ltr\"><strong>ATENEU<\/strong><\/p>\n<p dir=\"ltr\"><a href=\"https:\/\/ateneu.xtec.cat\/wikiform\/wikiexport\/cmd\/tac\/multimedia\/index\" target=\"_blank\" rel=\"noopener noreferrer\"><strong>Entorns de publicaci\u00f3 digital i multim\u00e8dia<\/strong><\/a><\/p>\n<p dir=\"ltr\">Recopilaci\u00f3 i actualitzaci\u00f3 de diferents materials de l&#8217;entorn Ateneu sobre els audiovisuals, multim\u00e8dia i entorns digitals de comunicaci\u00f3, combinats amb d&#8217;altres de nova creaci\u00f3 d&#8217;aplicacions aparegudes m\u00e9s recentment.<\/p>\n<p dir=\"ltr\"><strong><a href=\"https:\/\/ateneu.xtec.cat\/wikiform\/wikiexport\/cmd\/tac\/computacional\/index\" target=\"_blank\" rel=\"noopener noreferrer\">Pensament computacional<\/a><\/strong><\/p>\n<p dir=\"ltr\">Recull de cursos d\u2019autoformaci\u00f3 al voltant del pensament computacional que inclou programaci\u00f3 i rob\u00f2tica<\/p>\n<p dir=\"ltr\"><strong><a href=\"https:\/\/ateneu.xtec.cat\/wikiform\/wikiexport\/cmd\/tac\/tec3d\/index\" target=\"_blank\" rel=\"noopener noreferrer\">Tecnologies 3D<\/a><\/strong><\/p>\n<p dir=\"ltr\">Materials relacionats amb les tecnologies 3D, des de disseny i maquinari a aplicacions 360\u00ba.<\/p>\n<p dir=\"ltr\"><strong><a href=\"https:\/\/ateneu.xtec.cat\/wikiform\/wikiexport\/cmd\/tac\/jclic\/index\" target=\"_blank\" rel=\"noopener noreferrer\">Materials sobre el JClic<\/a><\/strong><\/p>\n<p dir=\"ltr\">Materials per a la creaci\u00f3 i publicaci\u00f3 d\u2019activitats JClic<\/p>\n<p dir=\"ltr\"><strong><a href=\"http:\/\/ateneu.xtec.cat\/wikiform\/wikiexport\/cmd\/tac\/moodle2\/index\" target=\"_blank\" rel=\"noopener noreferrer\">Materials de formaci\u00f3 sobre Moodle 2<\/a><\/strong><\/p>\n<p dir=\"ltr\">Orientacions per a la creaci\u00f3 i gesti\u00f3 d\u2019espais Moodle, aix\u00ed com consells sobre els seus continguts<\/p>\n<p dir=\"ltr\"><strong><a href=\"https:\/\/ateneu.xtec.cat\/wikiform\/wikiexport\/cmd\/tac\/agora-nodes\/index\" target=\"_blank\" rel=\"noopener noreferrer\">Agora-nodes<\/a><\/strong><\/p>\n<p dir=\"ltr\">Orientacions per a la creaci\u00f3 i gesti\u00f3 d\u2019espais Nodes, aix\u00ed com consells sobre els seus continguts i dinamitzaci\u00f3<\/p>\n<p>&nbsp;<\/p>\n<p><strong>Cursos de preparaci\u00f3 de la prova ACTIC<\/strong><\/p>\n<p><strong><a href=\"https:\/\/odissea.xtec.cat\/course\/view.php?id=63887\" target=\"_blank\" rel=\"noopener noreferrer\">Eines per a la preparaci\u00f3 de la prova ACTIC AVAN\u00c7AT C4<\/a><\/strong><\/p>\n<p>El curs est\u00e0 orientat a donar suport per a la preparaci\u00f3 de la prova ACTIC oficial de nivell avan\u00e7at sobre la compet\u00e8ncia en Tractament de la informaci\u00f3 escrita. La prova no forma part d\u2019aquest curs sin\u00f3 que s\u2019ha de realitzar en un centre homologat.<\/p>\n<p><strong><a href=\"https:\/\/odissea.xtec.cat\/course\/view.php?id=63888\" target=\"_blank\" rel=\"noopener noreferrer\">Eines per a la preparaci\u00f3 de la prova ACTIC AVAN\u00c7AT C5<\/a><\/strong><\/p>\n<p>El curs est\u00e0 orientat a donar suport per a la preparaci\u00f3 de la prova ACTIC oficial de nivell avan\u00e7at sobre la compet\u00e8ncia en Tractament de la informaci\u00f3 gr\u00e0fica, sonora i de la imatge en moviment. La prova no forma part d\u2019aquest curs sin\u00f3 que s\u2019ha de realitzar en un centre homologat.<\/p>\n<p><strong><a href=\"https:\/\/odissea.xtec.cat\/course\/view.php?id=63889\" target=\"_blank\" rel=\"noopener noreferrer\">Eines per a la preparaci\u00f3 de la prova ACTIC AVAN\u00c7AT C6<\/a><\/strong><\/p>\n<p>El curs est\u00e0 orientat a donar suport per a la preparaci\u00f3 de la prova ACTIC oficial de nivell avan\u00e7at sobre la compet\u00e8ncia en Tractament de la informaci\u00f3 num\u00e8rica. La prova no forma part d\u2019aquest curs sin\u00f3 que s\u2019ha de realitzar en un centre homologat.<\/p>\n<p><strong><a href=\"https:\/\/odissea.xtec.cat\/course\/view.php?id=63890\" target=\"_blank\" rel=\"noopener noreferrer\">Eines per a la preparaci\u00f3 de la prova ACTIC AVAN\u00c7AT C7<\/a><\/strong><\/p>\n<p>El curs est\u00e0 orientat a donar suport per a la preparaci\u00f3 de la prova ACTIC oficial de nivell avan\u00e7at sobre la compet\u00e8ncia en Tractament de les dades. La prova no forma part d\u2019aquest curs sin\u00f3 que s\u2019ha de realitzar en un centre homologat.<\/p>\n<p><strong><a href=\"https:\/\/odissea.xtec.cat\/course\/view.php?id=63891\" target=\"_blank\" rel=\"noopener noreferrer\">Eines per a la preparaci\u00f3 de la prova ACTIC AVAN\u00c7AT C8<\/a><\/strong><\/p>\n<p>El curs est\u00e0 orientat a donar suport per a la preparaci\u00f3 de la prova ACTIC oficial de nivell avan\u00e7at sobre la compet\u00e8ncia en Presentaci\u00f3 de continguts. La prova no forma part d\u2019aquest curs sin\u00f3 que s\u2019ha de realitzar en un centre homologat.<\/p>\n<\/div>\n<\/div>\n<div class=\"col-sm-4 columna_destacats\"><\/div>\n<\/div>\n<\/div>\n<div class=\"panel panel-default\">\n<div class=\"panel-heading\">\n<h2 class=\"panel-title\"><a class=\"\" href=\"http:\/\/xtec.gencat.cat\/ca\/formacio\/formacio-extraordinaria-oberta\/#bloc2\" data-toggle=\"collapse\" data-parent=\"#acordio_distribuidora\">C\u00e0psules formatives (certificables)<\/a><\/h2>\n<\/div>\n<div id=\"bloc2\" class=\"panel-collapse collapse in\">\n<div class=\"col-xs-12 columna_esquerra\">\n<div class=\"cos_bloc basic_text_peq pd-15\">\n<p><a href=\"https:\/\/odissea.xtec.cat\/course\/view.php?id=63862\" target=\"_blank\" rel=\"noopener noreferrer\"><strong>Kudi de Compet\u00e8ncia Digital Docent &#8211; Iniciaci\u00f3<\/strong><\/a><br \/>\nAquesta c\u00e0psula planteja apropar els docents als diferents entorns virtuals per al seu \u00fas des de\u00a0la did\u00e0ctica, la gesti\u00f3, la comunicaci\u00f3 i la col\u00b7laboraci\u00f3, l\u2019\u00e8tica i el civisme digital i el desenvolupament professional.<br \/>\n<strong>Cal registrar-se a Odissea.<\/strong><\/p>\n<p><a href=\"https:\/\/odissea.xtec.cat\/course\/view.php?id=63865\" target=\"_blank\" rel=\"noopener noreferrer\"><strong>Kudi de Dispositius m\u00f2bils<\/strong><\/a><br \/>\nCom a docents cal con\u00e8ixer aquestes eines digitals amb la finalitat de millorar la compet\u00e8ncia digital de l&#8217;alumnat, promovent que siguin aquests els qui en facin \u00fas de forma creativa.<br \/>\n<strong>Cal registrar-se a Odissea.<\/strong><\/p>\n<p><a href=\"https:\/\/odissea.xtec.cat\/course\/view.php?id=63866\" target=\"_blank\" rel=\"noopener noreferrer\"><strong>Kudi d&#8217;Educaci\u00f3 Infantil<\/strong><\/a><br \/>\nAquesta Kudi es presenten <strong>Propostes per entendre el m\u00f3n que ens envolta<\/strong> (<a href=\"https:\/\/odissea.xtec.cat\/mod\/book\/view.php?id=735253&amp;chapterid=67025\" target=\"_blank\" rel=\"noopener noreferrer\">Inici del pensament matem\u00e0tic,<\/a>\u00a0 <a href=\"https:\/\/odissea.xtec.cat\/mod\/book\/view.php?id=735253&amp;chapterid=67029\" target=\"_blank\" rel=\"noopener noreferrer\">Programaci\u00f3<\/a>, <a href=\"https:\/\/odissea.xtec.cat\/mod\/book\/view.php?id=735253&amp;chapterid=67013\" target=\"_blank\" rel=\"noopener noreferrer\">Rob\u00f2tica<\/a>, <a href=\"https:\/\/odissea.xtec.cat\/mod\/book\/view.php?id=735253&amp;chapterid=67030\" target=\"_blank\" rel=\"noopener noreferrer\">Google Maps<\/a> i <a href=\"https:\/\/odissea.xtec.cat\/mod\/book\/view.php?id=735253&amp;chapterid=67028\" target=\"_blank\" rel=\"noopener noreferrer\">Realitat augmentada<\/a>), utilitzant tecnologia que est\u00e0 a l&#8217;al\u00e7a en les escoles: els robots (cada vegada m\u00e9s variats), la programaci\u00f3 i la realitat augmentada. Ofereix tamb\u00e9 activitats per fer amb el Google Maps -aplicaci\u00f3 que ja la tenim incorporada en la nostra vida quotidiana i que pot entrar en les propostes per als nens i nenes d&#8217;infantil-.<br \/>\n<strong>Cal registrar-se a Odissea<\/strong>.<\/p>\n<p><a href=\"https:\/\/odissea.xtec.cat\/course\/view.php?id=63864\" target=\"_blank\" rel=\"noopener noreferrer\"><strong>Kudi de l&#8217;Entorn Personal d&#8217;Aprenentatge<\/strong><\/a><br \/>\nLa c\u00e0psula sobre l\u2019entorn personal d\u2019aprenentatge\u00a0 s\u2019emmarca dins de les activitats de formaci\u00f3 en Cultura Digital\u00a0de l&#8217;oferta formativa del Departament d\u2019Educaci\u00f3, amb la finalitat de\u00a0dissenyar un\u00a0<strong>Entorn Personal d&#8217;Aprenentatge<\/strong>, permetent el seu \u00fas i enriquiment en una formaci\u00f3 continuada al llarg de la vida i sigui, a la vegada, evid\u00e8ncia de l&#8217;aprenentatge.<br \/>\n<strong>Cal registrar-se a Odissea.<\/strong><\/p>\n<p><strong><a href=\"https:\/\/odissea.xtec.cat\/course\/view.php?id=63922\" target=\"_blank\" rel=\"noopener noreferrer\">Kudi de R\u00e0dio<\/a><\/strong><br \/>\nAquesta Kudi va adre\u00e7ada a tots les mestres i professorat en general que volen fer r\u00e0dio al centre, sigui escola o institut. Es recull diferents aspectes que cal con\u00e8ixer tant del propi llenguatge radiof\u00f2nic, com de la r\u00e0dio com a eina pedag\u00f2gica. Tamb\u00e9 hi trobareu propostes organitzatives, guies i tutorials de programes d\u2019edici\u00f3 de so i, finalment, propostes pedag\u00f2giques per a les diferents etapes educatives.<br \/>\n<strong>Cal registrar-se a Odissea.<\/strong><\/p>\n<p><a href=\"https:\/\/odissea.xtec.cat\/course\/view.php?id=63873\" target=\"_blank\" rel=\"noopener noreferrer\"><strong>Kudi d\u2019Scratch<\/strong><\/a><br \/>\nEl Kudi d\u2019Scratch \u00e9s una c\u00e0psula on s\u00f3n protagonistes el pensament computacional i la programaci\u00f3 amb Scratch. Al llarg de la c\u00e0psula podreu con\u00e8ixer la <a href=\"http:\/\/scratch.mit.edu\/\" target=\"_blank\" rel=\"noopener noreferrer\">p\u00e0gina web oficial d&#8217;Scratch<\/a>, i registrar-s&#8217;hi, con\u00e8ixer l&#8217;entorn Scratch i familiaritzar-s&#8217;hi. En aquesta Kudi es proposen\u00a0 tasques com manipulaci\u00f3 de personatges, geometria per dibuixar pol\u00edgons, etc.<br \/>\n<strong>Cal registrar-se a Odissea.<\/strong><\/p>\n<p><a href=\"https:\/\/odissea.xtec.cat\/course\/view.php?id=63867\" target=\"_blank\" rel=\"noopener noreferrer\"><strong>Kudi de seguretat a internet<\/strong><\/a><br \/>\nEn aquesta c\u00e0psula trobareu informaci\u00f3 sobre seguretat i identitat digital a la xarxa Internet, relacionat sobretot amb les oportunitats i riscos que es poden trobar els menors i els joves, en l&#8217;\u00fas quotidi\u00e0 de la tecnologia. Aquest \u00fas implica, com a professionals de l&#8217;educaci\u00f3, con\u00e8ixer i considerar q\u00fcestions de seguretat i d\u2019identitat digital.<br \/>\n<strong>Cal registrar-se a Odissea.<\/strong><\/p>\n<p><a href=\"https:\/\/aplicacions.gestioeducativa.gencat.cat\/pls\/soloas\/pk_for_mod_ins.p_for_pre_cons_activitats?p_any=2019-2020&amp;p_tipus_act=TOOL\" target=\"_blank\" rel=\"noopener noreferrer\"><strong>Coneix les STEAM tools<\/strong><\/a><br \/>\nEl taller ofereix diverses perspectives i enfocs metodol\u00f2gics de la did\u00e0ctica de les mat\u00e8ries STEAM, proposa tecnologies adients per a transferir-les a l&#8217;aula.\u00a0Al llarg de diverses propostes es proposen din\u00e0miques, marcs te\u00f2rics i exemples com a acompanyament al disseny d\u2019una activitat pr\u00f2pia i la seva vinculaci\u00f3 amb el marc STEM.\u00a0L\u2019objectiu del curs \u00e9s que els docents de ci\u00e8ncies puguin fer aportacions al desplegament STEM des de la compet\u00e8ncia en la did\u00e0ctica pr\u00f2pia de la seva \u00e0rea. S\u2019ha creat un taller per a cada Servei Territorial i el CEB<\/p>\n<p><strong><br \/>\nFormaci\u00f3 per a docents de centres d\u2019adults<\/strong><\/p>\n<p><strong><a href=\"http:\/\/xtec.gencat.cat\/ca\/formacio\/formaciocollectiusespecifics\/educacio-llarg-vida\/\" target=\"_blank\" rel=\"noopener noreferrer\">Activitats formatives<\/a> adre\u00e7ades a docents de centres de formaci\u00f3 d\u2019adults.<\/strong><\/p>\n<p><strong><a href=\"http:\/\/xtec.gencat.cat\/ca\/formacio\/formaciocollectiusespecifics\/educacio-llarg-vida\/\" target=\"_blank\" rel=\"noopener noreferrer\">La llengua anglesa als CFA1<\/a><br \/>\n<\/strong>Curs telem\u00e0tic en llengua anglesa per a l\u2019ensenyament de l\u2019angl\u00e8s a l\u2019educaci\u00f3 d\u2019adults i poder compartir experi\u00e8ncies metodol\u00f2giques en l\u2019ensenyament d&#8217;aquesta llengua als CFA.<\/p>\n<p><a href=\"http:\/\/xtec.gencat.cat\/ca\/formacio\/formaciocollectiusespecifics\/educacio-llarg-vida\/\" target=\"_blank\" rel=\"noopener noreferrer\"><strong>La llengua anglesa als CFA2<\/strong><\/a><br \/>\nCurs adre\u00e7at al professorat especialista de llengua anglesa del centres docents d\u2019educaci\u00f3 d\u2019adults que imparteix aquesta llengua en algun dels ensenyaments d\u2019educaci\u00f3 d\u2019adults. Es demana un nivell m\u00ednim de C1 del MECR.<\/p>\n<p><strong><a href=\"http:\/\/xtec.gencat.cat\/ca\/formacio\/formaciocollectiusespecifics\/educacio-llarg-vida\/\" target=\"_blank\" rel=\"noopener noreferrer\">Coeducaci\u00f3 per a una educaci\u00f3 no sexista als CFA<\/a><br \/>\n<\/strong>Formaci\u00f3 espec\u00edfica pel professorat en centres de formaci\u00f3 d\u2019adults destinada a motivar i facilitar la reflexi\u00f3 dels centres educatius sobre els estereotips i els continguts sexistes, donar pautes per analitzar els curr\u00edculums i facilitar eines al professorat perqu\u00e8 esdevinguin veritables agents de canvi en la construcci\u00f3 d\u2019una societat m\u00e9s justa i equitativa.<\/p>\n<\/div>\n<\/div>\n<div class=\"col-sm-4 columna_destacats\"><\/div>\n<\/div>\n<\/div>\n<div class=\"panel panel-default\">\n<div class=\"panel-heading\">\n<h2 class=\"panel-title\"><a class=\"\" href=\"http:\/\/xtec.gencat.cat\/ca\/formacio\/formacio-extraordinaria-oberta\/#bloc3\" data-toggle=\"collapse\" data-parent=\"#acordio_distribuidora\">Altres cursos disponibles<\/a><\/h2>\n<\/div>\n<div id=\"bloc3\" class=\"panel-collapse collapse in\">\n<div class=\"col-xs-12 columna_esquerra\">\n<div class=\"cos_bloc basic_text_peq pd-15\">\n<p><a href=\"https:\/\/aplicacions.gestioeducativa.gencat.cat\/pls\/soloas\/pk_for_mod_ins.p_for_pre_cons_activitats?p_any=2019-2020&amp;p_codi=9000030520\" target=\"_blank\" rel=\"noopener noreferrer\"><strong>Escoles com a organitzacions que aprenen<\/strong><\/a><u><\/u><\/p>\n<p>Durada: 15 h<br \/>\nData inici: 19-03-2020<br \/>\nData finalitzaci\u00f3: 30-03-2020<u><\/u><u><\/u><\/p>\n<p>El curs est\u00e0s basat en la revisi\u00f3 dels documents fruit de la recerca internacional en relaci\u00f3 al concepte <em>Escoles com a organitzacions que aprenen<\/em>, per assegurar la centralitat de l\u2019aprenentatge de tots els agents, alumnat i professorat.<u><\/u><u><\/u><\/p>\n<p><a href=\"https:\/\/odissea.xtec.cat\/course\/view.php?id=63886\" target=\"_blank\" rel=\"noopener noreferrer\">Curs Odissea<\/a>\u00a0(enlla\u00e7 v\u00e0lid a partir de l&#8217;obertura del curs, el 20\/3)<u><\/u><u><\/u><\/p>\n<p><u><\/u>\u00a0<u><\/u><\/p>\n<p><a href=\"https:\/\/aplicacions.gestioeducativa.gencat.cat\/pls\/soloas\/pk_for_mod_ins.p_for_pre_cons_activitats?p_any=2019-2020&amp;p_codi=9000040520\" target=\"_blank\" rel=\"noopener noreferrer\"><strong>Entorns d\u2019aprenentatge innovadors<\/strong><\/a><u><\/u><\/p>\n<p>Durada: 15 h<br \/>\nData inici: 19-03-2020<br \/>\nData finalitzaci\u00f3: 30-03-2020<u><\/u><u><\/u><\/p>\n<p>El curs est\u00e0 t\u00e9 com a objectiu orientar la pr\u00e0ctica i ajudar el professorat i els equips de professors a repensar el seu rol com a creadors de contextos d\u2019aprenentatge altament inclusius. Es fonamenta en la recerca descrita per l\u2019OCDE, Entorns d\u2019aprenentatge innovadors.<u><\/u><u><\/u><\/p>\n<p><a href=\"https:\/\/odissea.xtec.cat\/course\/view.php?id=63902\" target=\"_blank\" rel=\"noopener noreferrer\">Curs Odissea<\/a> (enlla\u00e7 v\u00e0lid a partir de l&#8217;obertura del curs, el 20\/3)<\/p>\n<\/div>\n<\/div>\n<\/div>\n<\/div>\n<\/div>\n<\/div>\n<\/div>\n","protected":false},"excerpt":{"rendered":"<p><a href=\"www.edu365.cat\"><\/a>Des de la p\u00e0gina <a href=\"http:\/\/www.xtec.cat\">xtec.cat <\/a>ens ofereixen un conjunt de p\u00e0gines molt interessants amb activitats per a tota la comunitat educativa, des d&#8217;alumnes fins a mestres. Creiem que \u00e9s una iniciativa molt interessant i ha tenir en compte, ja que ens ofereix un&hellip;  <a href=\"https:\/\/agora.xtec.cat\/esc-renaixencahostalets\/general\/aprofitem-per-seguir-aprenent\/\" title=\"Read Aprofitem per seguir aprenent!\">Llegeix m\u00e9s\u00bb<\/a><\/p>\n","protected":false},"author":11,"featured_media":6628,"comment_status":"open","ping_status":"closed","sticky":false,"template":"","format":"standard","meta":{"_bbp_topic_count":0,"_bbp_reply_count":0,"_bbp_total_topic_count":0,"_bbp_total_reply_count":0,"_bbp_voice_count":0,"_bbp_anonymous_reply_count":0,"_bbp_topic_count_hidden":0,"_bbp_reply_count_hidden":0,"_bbp_forum_subforum_count":0,"footnotes":""},"categories":[99,1],"tags":[],"class_list":["post-6626","post","type-post","status-publish","format-standard","has-post-thumbnail","hentry","category-cd","category-general"],"post_mailing_queue_ids":[],"_links":{"self":[{"href":"https:\/\/agora.xtec.cat\/esc-renaixencahostalets\/wp-json\/wp\/v2\/posts\/6626","targetHints":{"allow":["GET"]}}],"collection":[{"href":"https:\/\/agora.xtec.cat\/esc-renaixencahostalets\/wp-json\/wp\/v2\/posts"}],"about":[{"href":"https:\/\/agora.xtec.cat\/esc-renaixencahostalets\/wp-json\/wp\/v2\/types\/post"}],"author":[{"embeddable":true,"href":"https:\/\/agora.xtec.cat\/esc-renaixencahostalets\/wp-json\/wp\/v2\/users\/11"}],"replies":[{"embeddable":true,"href":"https:\/\/agora.xtec.cat\/esc-renaixencahostalets\/wp-json\/wp\/v2\/comments?post=6626"}],"version-history":[{"count":2,"href":"https:\/\/agora.xtec.cat\/esc-renaixencahostalets\/wp-json\/wp\/v2\/posts\/6626\/revisions"}],"predecessor-version":[{"id":6629,"href":"https:\/\/agora.xtec.cat\/esc-renaixencahostalets\/wp-json\/wp\/v2\/posts\/6626\/revisions\/6629"}],"wp:featuredmedia":[{"embeddable":true,"href":"https:\/\/agora.xtec.cat\/esc-renaixencahostalets\/wp-json\/wp\/v2\/media\/6628"}],"wp:attachment":[{"href":"https:\/\/agora.xtec.cat\/esc-renaixencahostalets\/wp-json\/wp\/v2\/media?parent=6626"}],"wp:term":[{"taxonomy":"category","embeddable":true,"href":"https:\/\/agora.xtec.cat\/esc-renaixencahostalets\/wp-json\/wp\/v2\/categories?post=6626"},{"taxonomy":"post_tag","embeddable":true,"href":"https:\/\/agora.xtec.cat\/esc-renaixencahostalets\/wp-json\/wp\/v2\/tags?post=6626"}],"curies":[{"name":"wp","href":"https:\/\/api.w.org\/{rel}","templated":true}]}}