{"id":6599,"date":"2020-03-10T22:26:51","date_gmt":"2020-03-10T21:26:51","guid":{"rendered":"http:\/\/agora.xtec.cat\/esc-renaixencahostalets\/?p=6599"},"modified":"2020-03-10T22:32:08","modified_gmt":"2020-03-10T21:32:08","slug":"se-suspen-la-sortida-de-cicle-superior-al-museu-dhistoria","status":"publish","type":"post","link":"https:\/\/agora.xtec.cat\/esc-renaixencahostalets\/general\/se-suspen-la-sortida-de-cicle-superior-al-museu-dhistoria\/","title":{"rendered":"Se susp\u00e8n la sortida de cicle superior al Museu d&#8217;Hist\u00f2ria"},"content":{"rendered":"<p>Despr\u00e9s de rebre la notificaci\u00f3 del Departament d&#8217;Educaci\u00f3 (que us adjuntem), des de l&#8217;Escola s&#8217;ha decidit suspendre la sortida de dimecres 11 de mar\u00e7 dels alumnes de 5\u00e8 i 6\u00e8 que havien de visitar el Museu d&#8217;Hist\u00f2ria a Barcelona.<br \/>\nTenint en compte que l&#8217;escola no pot assegurar que al museu no hi hagi altres escoles amb les quals concidir\u00edem, s&#8217;ha decidit aplicar el protocol de mesures preventives publicades en una nota de premsa pel Departament d&#8217;Ensenyament en que <em>&#8220;insta a la suspensi\u00f3 de tota activitat que organitzin els centres educatius del Departament o qualsevol servei del mateix Departament que no sigui lectiva o curricular, que es faci fora del centre i que impliqui professorat, personal no docent o alumnat de diversos centres simult\u00e0niament. Les sortides lectives que impliquin un sol centre es poden mantenir. Aquesta mesura de suspensi\u00f3 t\u00e9 efectes sobre fires, trobades, cantades, cert\u00e0mens, etc.&#8221;<\/em><br \/>\nEn els propers dies s&#8217;informar\u00e0 de si aquesta sortida queda apla\u00e7ada o suspesa, cas en el que es retornarien els diners a les fam\u00edlies.<br \/>\nPodeu consultar la <a href=\"http:\/\/ensenyament.gencat.cat\/ca\/inici\/nota-premsa\/?id=383825\">Nota de premsa del Departament<\/a> publicada el 10 de mar\u00e7 de 2020.<\/p>\n","protected":false},"excerpt":{"rendered":"<p>Despr\u00e9s de rebre la notificaci\u00f3 del Departament d&#8217;Educaci\u00f3 (que us adjuntem), des de l&#8217;Escola s&#8217;ha decidit suspendre la sortida de dimecres 11 de mar\u00e7 dels alumnes de 5\u00e8 i 6\u00e8 que havien de visitar el Museu d&#8217;Hist\u00f2ria a Barcelona.<br \/>\nTenint en compte que l&#8217;escola no pot&hellip;  <a href=\"https:\/\/agora.xtec.cat\/esc-renaixencahostalets\/general\/se-suspen-la-sortida-de-cicle-superior-al-museu-dhistoria\/\" title=\"Read Se susp\u00e8n la sortida de cicle superior al Museu d&#8217;Hist\u00f2ria\">Llegeix m\u00e9s\u00bb<\/a><\/p>\n","protected":false},"author":1,"featured_media":6602,"comment_status":"open","ping_status":"closed","sticky":false,"template":"","format":"standard","meta":{"_bbp_topic_count":0,"_bbp_reply_count":0,"_bbp_total_topic_count":0,"_bbp_total_reply_count":0,"_bbp_voice_count":0,"_bbp_anonymous_reply_count":0,"_bbp_topic_count_hidden":0,"_bbp_reply_count_hidden":0,"_bbp_forum_subforum_count":0,"footnotes":""},"categories":[14,15,1],"tags":[],"class_list":["post-6599","post","type-post","status-publish","format-standard","has-post-thumbnail","hentry","category-5e","category-6e","category-general"],"post_mailing_queue_ids":[],"_links":{"self":[{"href":"https:\/\/agora.xtec.cat\/esc-renaixencahostalets\/wp-json\/wp\/v2\/posts\/6599","targetHints":{"allow":["GET"]}}],"collection":[{"href":"https:\/\/agora.xtec.cat\/esc-renaixencahostalets\/wp-json\/wp\/v2\/posts"}],"about":[{"href":"https:\/\/agora.xtec.cat\/esc-renaixencahostalets\/wp-json\/wp\/v2\/types\/post"}],"author":[{"embeddable":true,"href":"https:\/\/agora.xtec.cat\/esc-renaixencahostalets\/wp-json\/wp\/v2\/users\/1"}],"replies":[{"embeddable":true,"href":"https:\/\/agora.xtec.cat\/esc-renaixencahostalets\/wp-json\/wp\/v2\/comments?post=6599"}],"version-history":[{"count":3,"href":"https:\/\/agora.xtec.cat\/esc-renaixencahostalets\/wp-json\/wp\/v2\/posts\/6599\/revisions"}],"predecessor-version":[{"id":6604,"href":"https:\/\/agora.xtec.cat\/esc-renaixencahostalets\/wp-json\/wp\/v2\/posts\/6599\/revisions\/6604"}],"wp:featuredmedia":[{"embeddable":true,"href":"https:\/\/agora.xtec.cat\/esc-renaixencahostalets\/wp-json\/wp\/v2\/media\/6602"}],"wp:attachment":[{"href":"https:\/\/agora.xtec.cat\/esc-renaixencahostalets\/wp-json\/wp\/v2\/media?parent=6599"}],"wp:term":[{"taxonomy":"category","embeddable":true,"href":"https:\/\/agora.xtec.cat\/esc-renaixencahostalets\/wp-json\/wp\/v2\/categories?post=6599"},{"taxonomy":"post_tag","embeddable":true,"href":"https:\/\/agora.xtec.cat\/esc-renaixencahostalets\/wp-json\/wp\/v2\/tags?post=6599"}],"curies":[{"name":"wp","href":"https:\/\/api.w.org\/{rel}","templated":true}]}}