{"id":6577,"date":"2020-03-10T08:43:51","date_gmt":"2020-03-10T07:43:51","guid":{"rendered":"http:\/\/agora.xtec.cat\/esc-renaixencahostalets\/?p=6577"},"modified":"2020-03-10T08:46:00","modified_gmt":"2020-03-10T07:46:00","slug":"presentem-linstitut-escola-a-les-families","status":"publish","type":"post","link":"https:\/\/agora.xtec.cat\/esc-renaixencahostalets\/general\/presentem-linstitut-escola-a-les-families\/","title":{"rendered":"Presentem l&#8217;Institut-Escola a les fam\u00edlies"},"content":{"rendered":"<p><a href=\"https:\/\/agora.xtec.cat\/esc-renaixencahostalets\/wp-content\/uploads\/usu1823\/2020\/03\/xerrada.jpg\"><img loading=\"lazy\" decoding=\"async\" class=\"wp-image-6579 alignright\" src=\"https:\/\/agora.xtec.cat\/esc-renaixencahostalets\/wp-content\/uploads\/usu1823\/2020\/03\/xerrada-1024x757.jpg\" alt=\"\" width=\"253\" height=\"197\" \/><\/a>El dia 9 de mar\u00e7 de 2020 les fam\u00edlies de l&#8217;escola van participar de la reuni\u00f3 informativa per presentar el nou projecte d&#8217;Institut-Escola que comen\u00e7ar\u00e0 a funcionar a partir del curs 2020-2021.<br \/>\nA la reuni\u00f3, es van descriure els trets generals d&#8217;aquesta aposta educativa que permetr\u00e0 donar continu\u00efat pedag\u00f2gica als alumnes des de P3 fins a l&#8217;ESO.<br \/>\nSi us ho vau perdre la reuni\u00f3 o voleu recordar alguns dels punts que s&#8217;hi van explicar, aqu\u00ed us deixem un <a href=\"https:\/\/agora.xtec.cat\/esc-renaixencahostalets\/wp-content\/uploads\/usu1823\/2020\/03\/Presentacio\u0301-Reunio\u0301-fami\u0301liesI.pdf\">pdf del power point<\/a>.<\/p>\n","protected":false},"excerpt":{"rendered":"<p><a href=\"https:\/\/agora.xtec.cat\/esc-renaixencahostalets\/wp-content\/uploads\/usu1823\/2020\/03\/xerrada.jpg\"><\/a>El dia 9 de mar\u00e7 de 2020 les fam\u00edlies de l&#8217;escola van participar de la reuni\u00f3 informativa per presentar el nou projecte d&#8217;Institut-Escola que comen\u00e7ar\u00e0 a funcionar a partir del curs 2020-2021.<br \/>\nA la reuni\u00f3, es van descriure els trets generals d&#8217;aquesta aposta educativa que&hellip;  <a href=\"https:\/\/agora.xtec.cat\/esc-renaixencahostalets\/general\/presentem-linstitut-escola-a-les-families\/\" title=\"Read Presentem l&#8217;Institut-Escola a les fam\u00edlies\">Llegeix m\u00e9s\u00bb<\/a><\/p>\n","protected":false},"author":1,"featured_media":6579,"comment_status":"open","ping_status":"closed","sticky":false,"template":"","format":"standard","meta":{"_bbp_topic_count":0,"_bbp_reply_count":0,"_bbp_total_topic_count":0,"_bbp_total_reply_count":0,"_bbp_voice_count":0,"_bbp_anonymous_reply_count":0,"_bbp_topic_count_hidden":0,"_bbp_reply_count_hidden":0,"_bbp_forum_subforum_count":0,"footnotes":""},"categories":[1,105],"tags":[],"class_list":["post-6577","post","type-post","status-publish","format-standard","has-post-thumbnail","hentry","category-general","category-preinscripcions"],"post_mailing_queue_ids":[],"_links":{"self":[{"href":"https:\/\/agora.xtec.cat\/esc-renaixencahostalets\/wp-json\/wp\/v2\/posts\/6577","targetHints":{"allow":["GET"]}}],"collection":[{"href":"https:\/\/agora.xtec.cat\/esc-renaixencahostalets\/wp-json\/wp\/v2\/posts"}],"about":[{"href":"https:\/\/agora.xtec.cat\/esc-renaixencahostalets\/wp-json\/wp\/v2\/types\/post"}],"author":[{"embeddable":true,"href":"https:\/\/agora.xtec.cat\/esc-renaixencahostalets\/wp-json\/wp\/v2\/users\/1"}],"replies":[{"embeddable":true,"href":"https:\/\/agora.xtec.cat\/esc-renaixencahostalets\/wp-json\/wp\/v2\/comments?post=6577"}],"version-history":[{"count":2,"href":"https:\/\/agora.xtec.cat\/esc-renaixencahostalets\/wp-json\/wp\/v2\/posts\/6577\/revisions"}],"predecessor-version":[{"id":6581,"href":"https:\/\/agora.xtec.cat\/esc-renaixencahostalets\/wp-json\/wp\/v2\/posts\/6577\/revisions\/6581"}],"wp:featuredmedia":[{"embeddable":true,"href":"https:\/\/agora.xtec.cat\/esc-renaixencahostalets\/wp-json\/wp\/v2\/media\/6579"}],"wp:attachment":[{"href":"https:\/\/agora.xtec.cat\/esc-renaixencahostalets\/wp-json\/wp\/v2\/media?parent=6577"}],"wp:term":[{"taxonomy":"category","embeddable":true,"href":"https:\/\/agora.xtec.cat\/esc-renaixencahostalets\/wp-json\/wp\/v2\/categories?post=6577"},{"taxonomy":"post_tag","embeddable":true,"href":"https:\/\/agora.xtec.cat\/esc-renaixencahostalets\/wp-json\/wp\/v2\/tags?post=6577"}],"curies":[{"name":"wp","href":"https:\/\/api.w.org\/{rel}","templated":true}]}}