{"id":6567,"date":"2020-03-04T15:34:08","date_gmt":"2020-03-04T14:34:08","guid":{"rendered":"http:\/\/agora.xtec.cat\/esc-renaixencahostalets\/?p=6567"},"modified":"2020-03-06T08:38:33","modified_gmt":"2020-03-06T07:38:33","slug":"periode-de-preinscripcio-escolar-2020","status":"publish","type":"post","link":"https:\/\/agora.xtec.cat\/esc-renaixencahostalets\/general\/periode-de-preinscripcio-escolar-2020\/","title":{"rendered":"Per\u00edode de preinscripci\u00f3 escolar 2020"},"content":{"rendered":"<p>Enguany, el pla\u00e7 de preinscripci\u00f3 escolar per al curs 2020-2021 ser\u00e0 del 23 de mar\u00e7 a l&#8217;1 d&#8217;abril, ambd\u00f3s inclosos. Cal demanar cita pr\u00e8via i els horaris de secretaria per formalitzar les preinscripcions seran:<br \/>\n<strong>Dilluns:<\/strong> de 9.10 a 10.00h, d&#8217;11.30h a 13.00h i de 15.10h a les 16.30h.<br \/>\n<strong>Dimarts:<\/strong> de 12.40 a 13.00h.<br \/>\n<strong>Dimecres:<\/strong> de 9.10 a 10.00h i de 12.30 a 13.00h.<br \/>\n<strong>Dijous:<\/strong> de 9.10 a 11.00h i d&#8217;11.30 a 13.00h.<br \/>\n<strong>Divendres:<\/strong> de 15.10h a 16.30h.<\/p>\n<p>Podeu veure la documentaci\u00f3 necess\u00e0ria al<a href=\"http:\/\/ensenyament.gencat.cat\/ca\/departament\/publicacions\/butlletins\/infoescola\/butlleti-06\/\"> web del Departament<\/a>. Per a qualsevol dubte, aix\u00ed com per demanar cita, podeu telefonar a l&#8217;escola (937712135) o enviar un correu a <a href=\"npalacio@xtec.cat\">secretaria<\/a>.<br \/>\n<a href=\"https:\/\/drive.google.com\/file\/d\/1xty7CtF_6ZDzL6rU6dOy2rglgVQciM7G\/view?usp=sharing\">Tr\u00edptic de l&#8217;escola<\/a>.<\/p>\n","protected":false},"excerpt":{"rendered":"<p>Enguany, el pla\u00e7 de preinscripci\u00f3 escolar per al curs 2020-2021 ser\u00e0 del 23 de mar\u00e7 a l&#8217;1 d&#8217;abril, ambd\u00f3s inclosos. Cal demanar cita pr\u00e8via i els horaris de secretaria per formalitzar les preinscripcions seran:<br \/>\nDilluns: de 9.10 a 10.00h, d&#8217;11.30h a 13.00h i de 15.10h a&hellip;  <a href=\"https:\/\/agora.xtec.cat\/esc-renaixencahostalets\/general\/periode-de-preinscripcio-escolar-2020\/\" title=\"Read Per\u00edode de preinscripci\u00f3 escolar 2020\">Llegeix m\u00e9s\u00bb<\/a><\/p>\n","protected":false},"author":1,"featured_media":6569,"comment_status":"open","ping_status":"closed","sticky":false,"template":"","format":"standard","meta":{"_bbp_topic_count":0,"_bbp_reply_count":0,"_bbp_total_topic_count":0,"_bbp_total_reply_count":0,"_bbp_voice_count":0,"_bbp_anonymous_reply_count":0,"_bbp_topic_count_hidden":0,"_bbp_reply_count_hidden":0,"_bbp_forum_subforum_count":0,"footnotes":""},"categories":[1,105],"tags":[],"class_list":["post-6567","post","type-post","status-publish","format-standard","has-post-thumbnail","hentry","category-general","category-preinscripcions"],"post_mailing_queue_ids":[],"_links":{"self":[{"href":"https:\/\/agora.xtec.cat\/esc-renaixencahostalets\/wp-json\/wp\/v2\/posts\/6567","targetHints":{"allow":["GET"]}}],"collection":[{"href":"https:\/\/agora.xtec.cat\/esc-renaixencahostalets\/wp-json\/wp\/v2\/posts"}],"about":[{"href":"https:\/\/agora.xtec.cat\/esc-renaixencahostalets\/wp-json\/wp\/v2\/types\/post"}],"author":[{"embeddable":true,"href":"https:\/\/agora.xtec.cat\/esc-renaixencahostalets\/wp-json\/wp\/v2\/users\/1"}],"replies":[{"embeddable":true,"href":"https:\/\/agora.xtec.cat\/esc-renaixencahostalets\/wp-json\/wp\/v2\/comments?post=6567"}],"version-history":[{"count":3,"href":"https:\/\/agora.xtec.cat\/esc-renaixencahostalets\/wp-json\/wp\/v2\/posts\/6567\/revisions"}],"predecessor-version":[{"id":6576,"href":"https:\/\/agora.xtec.cat\/esc-renaixencahostalets\/wp-json\/wp\/v2\/posts\/6567\/revisions\/6576"}],"wp:featuredmedia":[{"embeddable":true,"href":"https:\/\/agora.xtec.cat\/esc-renaixencahostalets\/wp-json\/wp\/v2\/media\/6569"}],"wp:attachment":[{"href":"https:\/\/agora.xtec.cat\/esc-renaixencahostalets\/wp-json\/wp\/v2\/media?parent=6567"}],"wp:term":[{"taxonomy":"category","embeddable":true,"href":"https:\/\/agora.xtec.cat\/esc-renaixencahostalets\/wp-json\/wp\/v2\/categories?post=6567"},{"taxonomy":"post_tag","embeddable":true,"href":"https:\/\/agora.xtec.cat\/esc-renaixencahostalets\/wp-json\/wp\/v2\/tags?post=6567"}],"curies":[{"name":"wp","href":"https:\/\/api.w.org\/{rel}","templated":true}]}}