{"id":6514,"date":"2020-03-04T09:00:44","date_gmt":"2020-03-04T08:00:44","guid":{"rendered":"http:\/\/agora.xtec.cat\/esc-renaixencahostalets\/?p=6514"},"modified":"2020-03-01T18:22:51","modified_gmt":"2020-03-01T17:22:51","slug":"colonies-can-vilalta","status":"publish","type":"post","link":"https:\/\/agora.xtec.cat\/esc-renaixencahostalets\/general\/colonies-can-vilalta\/","title":{"rendered":"Colonies Can Vilalta"},"content":{"rendered":"<p>Hola fam\u00edlies,<\/p>\n<p>en aquest <a href=\"http:\/\/agora.xtec.cat\/esc-renaixencahostalets\/fotos-2n\/\">enlla\u00e7<\/a> podreu anar veient com de b\u00e9 ens ho estem passant a les col\u00f2nies. Les trobareu classificades per dies. Esperem que la connexi\u00f3 a Internet ens permeti anar-ho actualitzant, sin\u00f3 \u00e9s aix\u00ed no patiu, estarem b\u00e9 segur.<\/p>\n<p>Una abra\u00e7ada!<\/p>\n","protected":false},"excerpt":{"rendered":"<p>Hola fam\u00edlies,<br \/>\nen aquest <a href=\"http:\/\/agora.xtec.cat\/esc-renaixencahostalets\/fotos-2n\/\">enlla\u00e7<\/a> podreu anar veient com de b\u00e9 ens ho estem passant a les col\u00f2nies. Les trobareu classificades per dies. Esperem que la connexi\u00f3 a Internet ens permeti anar-ho actualitzant, sin\u00f3 \u00e9s aix\u00ed no patiu, estarem b\u00e9 segur.<br \/>\nUna abra\u00e7ada!<\/p>\n","protected":false},"author":30,"featured_media":0,"comment_status":"open","ping_status":"closed","sticky":false,"template":"","format":"standard","meta":{"_bbp_topic_count":0,"_bbp_reply_count":0,"_bbp_total_topic_count":0,"_bbp_total_reply_count":0,"_bbp_voice_count":0,"_bbp_anonymous_reply_count":0,"_bbp_topic_count_hidden":0,"_bbp_reply_count_hidden":0,"_bbp_forum_subforum_count":0,"footnotes":""},"categories":[11,1,122],"tags":[],"class_list":["post-6514","post","type-post","status-publish","format-standard","hentry","category-2n","category-general","category-122"],"post_mailing_queue_ids":[],"_links":{"self":[{"href":"https:\/\/agora.xtec.cat\/esc-renaixencahostalets\/wp-json\/wp\/v2\/posts\/6514","targetHints":{"allow":["GET"]}}],"collection":[{"href":"https:\/\/agora.xtec.cat\/esc-renaixencahostalets\/wp-json\/wp\/v2\/posts"}],"about":[{"href":"https:\/\/agora.xtec.cat\/esc-renaixencahostalets\/wp-json\/wp\/v2\/types\/post"}],"author":[{"embeddable":true,"href":"https:\/\/agora.xtec.cat\/esc-renaixencahostalets\/wp-json\/wp\/v2\/users\/30"}],"replies":[{"embeddable":true,"href":"https:\/\/agora.xtec.cat\/esc-renaixencahostalets\/wp-json\/wp\/v2\/comments?post=6514"}],"version-history":[{"count":1,"href":"https:\/\/agora.xtec.cat\/esc-renaixencahostalets\/wp-json\/wp\/v2\/posts\/6514\/revisions"}],"predecessor-version":[{"id":6515,"href":"https:\/\/agora.xtec.cat\/esc-renaixencahostalets\/wp-json\/wp\/v2\/posts\/6514\/revisions\/6515"}],"wp:attachment":[{"href":"https:\/\/agora.xtec.cat\/esc-renaixencahostalets\/wp-json\/wp\/v2\/media?parent=6514"}],"wp:term":[{"taxonomy":"category","embeddable":true,"href":"https:\/\/agora.xtec.cat\/esc-renaixencahostalets\/wp-json\/wp\/v2\/categories?post=6514"},{"taxonomy":"post_tag","embeddable":true,"href":"https:\/\/agora.xtec.cat\/esc-renaixencahostalets\/wp-json\/wp\/v2\/tags?post=6514"}],"curies":[{"name":"wp","href":"https:\/\/api.w.org\/{rel}","templated":true}]}}