{"id":6463,"date":"2020-02-21T10:21:40","date_gmt":"2020-02-21T09:21:40","guid":{"rendered":"http:\/\/agora.xtec.cat\/esc-renaixencahostalets\/?p=6463"},"modified":"2020-02-21T10:28:10","modified_gmt":"2020-02-21T09:28:10","slug":"tastet-cursa-dorientacio","status":"publish","type":"post","link":"https:\/\/agora.xtec.cat\/esc-renaixencahostalets\/general\/tastet-cursa-dorientacio\/","title":{"rendered":"Tastet cursa d&#8217;orientaci\u00f3"},"content":{"rendered":"<p>Els alumnes de 3rA i 3rB estem portant a terme conjuntament el projecte de nivell &#8220;No perdem el Nord&#8221;. En aquest ens barregem i treballem plegats els aspectes relacionats amb l&#8217;orientaci\u00f3.<\/p>\n<p>Com ja sabeu, el proper 28 de febrer farem una cursa d&#8217;orientaci\u00f3 per Hostalets de Pierola i avui hem sortit tots junts per fer un tastet d&#8217;aquesta activitat, fent una petita cursa d&#8217;orientaci\u00f3 pel nostre poble.<\/p>\n<p>Ens hem dividit en quatre grups i hem anat a cercar les fites i aconseguir aix\u00ed el nostre objectiu; finalitzar amb \u00e8xit la cursa. Per\u00f2 no ha estat tan f\u00e0cil, per a fer-ho dispos\u00e0vem d&#8217;un mapa i una br\u00faixola per\u00f2 en cada una d&#8217;aquestes fites hem hagut de fer una petita prova; resoldre un jerogl\u00edfic, dos problemes de matem\u00e0tiques, crear una rima i utilitzar els punts cardinals per esbrinar una lletra amagada.<\/p>\n<p>Hem apr\u00e8s i ens ho hem passat s\u00faper b\u00e9! Com podreu veure, queda demostrat en algunes <a href=\"http:\/\/agora.xtec.cat\/esc-renaixencahostalets\/fotos-3r\/\">fotos<\/a> que ens hem fet durant aquesta petita aventura.<\/p>\n<p>Ja tenim ganes de fer-ne m\u00e9s i seguir avan\u00e7ant en aquest projecte!<\/p>\n<p><a href=\"https:\/\/agora.xtec.cat\/esc-renaixencahostalets\/wp-content\/uploads\/usu1823\/2020\/02\/IMG-4991.jpg\"><img loading=\"lazy\" decoding=\"async\" class=\"wp-image-6465 aligncenter\" src=\"https:\/\/agora.xtec.cat\/esc-renaixencahostalets\/wp-content\/uploads\/usu1823\/2020\/02\/IMG-4991-1024x768.jpg\" alt=\"\" width=\"271\" height=\"203\" srcset=\"https:\/\/agora.xtec.cat\/esc-renaixencahostalets\/wp-content\/uploads\/usu1823\/2020\/02\/IMG-4991.jpg 1024w, https:\/\/agora.xtec.cat\/esc-renaixencahostalets\/wp-content\/uploads\/usu1823\/2020\/02\/IMG-4991-300x225.jpg 300w, https:\/\/agora.xtec.cat\/esc-renaixencahostalets\/wp-content\/uploads\/usu1823\/2020\/02\/IMG-4991-768x576.jpg 768w, https:\/\/agora.xtec.cat\/esc-renaixencahostalets\/wp-content\/uploads\/usu1823\/2020\/02\/IMG-4991-200x150.jpg 200w\" sizes=\"auto, (max-width: 271px) 100vw, 271px\" \/><\/a><\/p>\n","protected":false},"excerpt":{"rendered":"<p>Els alumnes de 3rA i 3rB estem portant a terme conjuntament el projecte de nivell &#8220;No perdem el Nord&#8221;. En aquest ens barregem i treballem plegats els aspectes relacionats amb l&#8217;orientaci\u00f3.<br \/>\nCom ja sabeu, el proper 28 de febrer farem una cursa d&#8217;orientaci\u00f3 per Hostalets de&hellip;  <a href=\"https:\/\/agora.xtec.cat\/esc-renaixencahostalets\/general\/tastet-cursa-dorientacio\/\" title=\"Read Tastet cursa d&#8217;orientaci\u00f3\">Llegeix m\u00e9s\u00bb<\/a><\/p>\n","protected":false},"author":1,"featured_media":6465,"comment_status":"open","ping_status":"closed","sticky":false,"template":"","format":"standard","meta":{"_bbp_topic_count":0,"_bbp_reply_count":0,"_bbp_total_topic_count":0,"_bbp_total_reply_count":0,"_bbp_voice_count":0,"_bbp_anonymous_reply_count":0,"_bbp_topic_count_hidden":0,"_bbp_reply_count_hidden":0,"_bbp_forum_subforum_count":0,"footnotes":""},"categories":[12,1,121],"tags":[],"class_list":["post-6463","post","type-post","status-publish","format-standard","has-post-thumbnail","hentry","category-3r","category-general","category-121"],"post_mailing_queue_ids":[],"_links":{"self":[{"href":"https:\/\/agora.xtec.cat\/esc-renaixencahostalets\/wp-json\/wp\/v2\/posts\/6463","targetHints":{"allow":["GET"]}}],"collection":[{"href":"https:\/\/agora.xtec.cat\/esc-renaixencahostalets\/wp-json\/wp\/v2\/posts"}],"about":[{"href":"https:\/\/agora.xtec.cat\/esc-renaixencahostalets\/wp-json\/wp\/v2\/types\/post"}],"author":[{"embeddable":true,"href":"https:\/\/agora.xtec.cat\/esc-renaixencahostalets\/wp-json\/wp\/v2\/users\/1"}],"replies":[{"embeddable":true,"href":"https:\/\/agora.xtec.cat\/esc-renaixencahostalets\/wp-json\/wp\/v2\/comments?post=6463"}],"version-history":[{"count":3,"href":"https:\/\/agora.xtec.cat\/esc-renaixencahostalets\/wp-json\/wp\/v2\/posts\/6463\/revisions"}],"predecessor-version":[{"id":6468,"href":"https:\/\/agora.xtec.cat\/esc-renaixencahostalets\/wp-json\/wp\/v2\/posts\/6463\/revisions\/6468"}],"wp:featuredmedia":[{"embeddable":true,"href":"https:\/\/agora.xtec.cat\/esc-renaixencahostalets\/wp-json\/wp\/v2\/media\/6465"}],"wp:attachment":[{"href":"https:\/\/agora.xtec.cat\/esc-renaixencahostalets\/wp-json\/wp\/v2\/media?parent=6463"}],"wp:term":[{"taxonomy":"category","embeddable":true,"href":"https:\/\/agora.xtec.cat\/esc-renaixencahostalets\/wp-json\/wp\/v2\/categories?post=6463"},{"taxonomy":"post_tag","embeddable":true,"href":"https:\/\/agora.xtec.cat\/esc-renaixencahostalets\/wp-json\/wp\/v2\/tags?post=6463"}],"curies":[{"name":"wp","href":"https:\/\/api.w.org\/{rel}","templated":true}]}}