{"id":6416,"date":"2020-02-12T22:46:35","date_gmt":"2020-02-12T21:46:35","guid":{"rendered":"http:\/\/agora.xtec.cat\/esc-renaixencahostalets\/?p=6416"},"modified":"2020-02-12T22:59:33","modified_gmt":"2020-02-12T21:59:33","slug":"programa-generacio-plurilingue-gep","status":"publish","type":"post","link":"https:\/\/agora.xtec.cat\/esc-renaixencahostalets\/general\/programa-generacio-plurilingue-gep\/","title":{"rendered":"Programa Generaci\u00f3 Pluriling\u00fce (GEP)"},"content":{"rendered":"<p>Aquest curs la nostra escola participa en el programa Generaci\u00f3 Pluriling\u00fce (GEP).<\/p>\n<p><b>Per qu\u00e8 participem al GEP?<\/b><\/p>\n<p><span style=\"font-weight: 400;\">Amb l\u2019objectiu de millorar la pres\u00e8ncia i l&#8217;\u00fas de la llengua anglesa a la nostra escola, encetem la participaci\u00f3 en aquest programa amb il\u00b7lusi\u00f3 i ganes d\u2019oferir m\u00e9s oportunitats d\u2019aprenentatge de la llengua anglesa als i les nostres alumnes, tenint present la nostra visi\u00f3 d\u2019escola nascuda del proc\u00e9s reflexiu dut a terme durant la participaci\u00f3 i acompanyament en el projecte d\u2019Escola Nova 21.<\/span><\/p>\n<p><span style=\"font-weight: 400;\">Els nostres objectius s\u00f3n:<\/span><\/p>\n<ul>\n<li style=\"font-weight: 400;\"><span style=\"font-weight: 400;\">Incrementar el temps d\u2019exposici\u00f3 de l\u2019alumnat a la llengua anglesa.<\/span><\/li>\n<li style=\"font-weight: 400;\"><span style=\"font-weight: 400;\">Promoure un aprenentatge actiu i significatiu, basat en el treball cooperatiu i per projectes, en l\u2019avaluaci\u00f3 orientada a l\u2019aprenentatge i que fomenti el treball aut\u00f2nom.<\/span><\/li>\n<li style=\"font-weight: 400;\"><span style=\"font-weight: 400;\">Portar a la pr\u00e0ctica les estrat\u00e8gies i utilitzar les eines que es proporcionen a la formaci\u00f3 GEP.<\/span><\/li>\n<\/ul>\n<p><span style=\"font-weight: 400;\">Si voleu con\u00e8ixer m\u00e9s sobre el GEP, podeu consultar els seg\u00fcents enlla\u00e7os:<\/span><\/p>\n<p><a href=\"http:\/\/xtec.gencat.cat\/ca\/projectes\/plurilinguisme\/programes\/institucionals\/gep\"><span style=\"font-weight: 400;\">http:\/\/xtec.gencat.cat\/ca\/projectes\/plurilinguisme\/programes\/institucionals\/gep<\/span><\/a><\/p>\n<p><a href=\"https:\/\/projectes.xtec.cat\/gep\/\"><span style=\"font-weight: 400;\">https:\/\/projectes.xtec.cat\/gep\/<\/span><\/a><\/p>\n<p><a href=\"https:\/\/sites.google.com\/xtec.cat\/coordinacillengesestrangeresal\/gep-generaci%C3%B3-pluriling%C3%BCe\"><span style=\"font-weight: 400;\">https:\/\/sites.google.com\/xtec.cat\/coordinacillengesestrangeresal\/gep-generaci%C3%B3-pluriling%C3%BCe<\/span><\/a><\/p>\n","protected":false},"excerpt":{"rendered":"<p>Aquest curs la nostra escola participa en el programa Generaci\u00f3 Pluriling\u00fce (GEP).<br \/>\nPer qu\u00e8 participem al GEP?<br \/>\nAmb l\u2019objectiu de millorar la pres\u00e8ncia i l&#8217;\u00fas de la llengua anglesa a la nostra escola, encetem la participaci\u00f3 en aquest programa amb il\u00b7lusi\u00f3 i ganes d\u2019oferir m\u00e9s oportunitats d\u2019aprenentatge&hellip;  <a href=\"https:\/\/agora.xtec.cat\/esc-renaixencahostalets\/general\/programa-generacio-plurilingue-gep\/\" title=\"Read Programa Generaci\u00f3 Pluriling\u00fce (GEP)\">Llegeix m\u00e9s\u00bb<\/a><\/p>\n","protected":false},"author":1,"featured_media":0,"comment_status":"open","ping_status":"closed","sticky":false,"template":"","format":"standard","meta":{"_bbp_topic_count":0,"_bbp_reply_count":0,"_bbp_total_topic_count":0,"_bbp_total_reply_count":0,"_bbp_voice_count":0,"_bbp_anonymous_reply_count":0,"_bbp_topic_count_hidden":0,"_bbp_reply_count_hidden":0,"_bbp_forum_subforum_count":0,"footnotes":""},"categories":[1,117],"tags":[],"class_list":["post-6416","post","type-post","status-publish","format-standard","hentry","category-general","category-gep"],"post_mailing_queue_ids":[],"_links":{"self":[{"href":"https:\/\/agora.xtec.cat\/esc-renaixencahostalets\/wp-json\/wp\/v2\/posts\/6416","targetHints":{"allow":["GET"]}}],"collection":[{"href":"https:\/\/agora.xtec.cat\/esc-renaixencahostalets\/wp-json\/wp\/v2\/posts"}],"about":[{"href":"https:\/\/agora.xtec.cat\/esc-renaixencahostalets\/wp-json\/wp\/v2\/types\/post"}],"author":[{"embeddable":true,"href":"https:\/\/agora.xtec.cat\/esc-renaixencahostalets\/wp-json\/wp\/v2\/users\/1"}],"replies":[{"embeddable":true,"href":"https:\/\/agora.xtec.cat\/esc-renaixencahostalets\/wp-json\/wp\/v2\/comments?post=6416"}],"version-history":[{"count":3,"href":"https:\/\/agora.xtec.cat\/esc-renaixencahostalets\/wp-json\/wp\/v2\/posts\/6416\/revisions"}],"predecessor-version":[{"id":6419,"href":"https:\/\/agora.xtec.cat\/esc-renaixencahostalets\/wp-json\/wp\/v2\/posts\/6416\/revisions\/6419"}],"wp:attachment":[{"href":"https:\/\/agora.xtec.cat\/esc-renaixencahostalets\/wp-json\/wp\/v2\/media?parent=6416"}],"wp:term":[{"taxonomy":"category","embeddable":true,"href":"https:\/\/agora.xtec.cat\/esc-renaixencahostalets\/wp-json\/wp\/v2\/categories?post=6416"},{"taxonomy":"post_tag","embeddable":true,"href":"https:\/\/agora.xtec.cat\/esc-renaixencahostalets\/wp-json\/wp\/v2\/tags?post=6416"}],"curies":[{"name":"wp","href":"https:\/\/api.w.org\/{rel}","templated":true}]}}