{"id":6162,"date":"2019-12-18T06:39:29","date_gmt":"2019-12-18T05:39:29","guid":{"rendered":"http:\/\/agora.xtec.cat\/esc-renaixencahostalets\/?p=6162"},"modified":"2019-12-18T06:57:03","modified_gmt":"2019-12-18T05:57:03","slug":"rap-de-valors-som-el-futur","status":"publish","type":"post","link":"https:\/\/agora.xtec.cat\/esc-renaixencahostalets\/general\/rap-de-valors-som-el-futur\/","title":{"rendered":"RAP DE VALORS (SOM EL FUTUR)"},"content":{"rendered":"<p><span style=\"font-weight: 400;\"><a href=\"https:\/\/agora.xtec.cat\/esc-renaixencahostalets\/wp-content\/uploads\/usu1823\/2019\/12\/NI\u00d1O.jpg\"><img loading=\"lazy\" decoding=\"async\" class=\" wp-image-6163 alignleft\" src=\"https:\/\/agora.xtec.cat\/esc-renaixencahostalets\/wp-content\/uploads\/usu1823\/2019\/12\/NI\u00d1O.jpg\" alt=\"\" width=\"428\" height=\"419\" srcset=\"https:\/\/agora.xtec.cat\/esc-renaixencahostalets\/wp-content\/uploads\/usu1823\/2019\/12\/NI\u00d1O.jpg 397w, https:\/\/agora.xtec.cat\/esc-renaixencahostalets\/wp-content\/uploads\/usu1823\/2019\/12\/NI\u00d1O-300x294.jpg 300w\" sizes=\"auto, (max-width: 428px) 100vw, 428px\" \/><\/a><\/span><\/p>\n<p>&nbsp;<\/p>\n<p><span style=\"font-weight: 400;\">Aquest primer trimestre, els i les alumnes de sis\u00e8 que fan valors han treballat els drets de l\u2019educaci\u00f3. Primer van veure el poema del <\/span><b>Ni\u00f1o somal\u00ed<\/b><span style=\"font-weight: 400;\"> i a continuaci\u00f3 van fer un poema per grups o per parelles i els va sortir la inspiraci\u00f3.<\/span><\/p>\n<p><span style=\"font-weight: 400;\">Els poemes reflecteixen aquestes injust\u00edcies en forma de den\u00fancia i ahhhh!!!! Se&#8217;ls va acudir fer un rap! Esperem que us agradi!<\/span><\/p>\n<p><span style=\"font-weight: 400;\"><a href=\"http:\/\/agora.xtec.cat\/esc-renaixencahostalets\/fotos\/fotos-6e\/\">RAP VALORS 6\u00e8<\/a>.<\/span><\/p>\n","protected":false},"excerpt":{"rendered":"<p><a href=\"https:\/\/agora.xtec.cat\/esc-renaixencahostalets\/wp-content\/uploads\/usu1823\/2019\/12\/NI\u00d1O.jpg\"><\/a><br \/>\n&nbsp;<br \/>\nAquest primer trimestre, els i les alumnes de sis\u00e8 que fan valors han treballat els drets de l\u2019educaci\u00f3. Primer van veure el poema del Ni\u00f1o somal\u00ed i a continuaci\u00f3 van fer un poema per grups o per parelles i els va sortir la inspiraci\u00f3.<br \/>\nEls&hellip;  <a href=\"https:\/\/agora.xtec.cat\/esc-renaixencahostalets\/general\/rap-de-valors-som-el-futur\/\" title=\"Read RAP DE VALORS (SOM EL FUTUR)\">Llegeix m\u00e9s\u00bb<\/a><\/p>\n","protected":false},"author":26,"featured_media":6163,"comment_status":"open","ping_status":"closed","sticky":false,"template":"","format":"standard","meta":{"_bbp_topic_count":0,"_bbp_reply_count":0,"_bbp_total_topic_count":0,"_bbp_total_reply_count":0,"_bbp_voice_count":0,"_bbp_anonymous_reply_count":0,"_bbp_topic_count_hidden":0,"_bbp_reply_count_hidden":0,"_bbp_forum_subforum_count":0,"footnotes":""},"categories":[15,1],"tags":[],"class_list":["post-6162","post","type-post","status-publish","format-standard","has-post-thumbnail","hentry","category-6e","category-general"],"post_mailing_queue_ids":[],"_links":{"self":[{"href":"https:\/\/agora.xtec.cat\/esc-renaixencahostalets\/wp-json\/wp\/v2\/posts\/6162","targetHints":{"allow":["GET"]}}],"collection":[{"href":"https:\/\/agora.xtec.cat\/esc-renaixencahostalets\/wp-json\/wp\/v2\/posts"}],"about":[{"href":"https:\/\/agora.xtec.cat\/esc-renaixencahostalets\/wp-json\/wp\/v2\/types\/post"}],"author":[{"embeddable":true,"href":"https:\/\/agora.xtec.cat\/esc-renaixencahostalets\/wp-json\/wp\/v2\/users\/26"}],"replies":[{"embeddable":true,"href":"https:\/\/agora.xtec.cat\/esc-renaixencahostalets\/wp-json\/wp\/v2\/comments?post=6162"}],"version-history":[{"count":2,"href":"https:\/\/agora.xtec.cat\/esc-renaixencahostalets\/wp-json\/wp\/v2\/posts\/6162\/revisions"}],"predecessor-version":[{"id":6165,"href":"https:\/\/agora.xtec.cat\/esc-renaixencahostalets\/wp-json\/wp\/v2\/posts\/6162\/revisions\/6165"}],"wp:featuredmedia":[{"embeddable":true,"href":"https:\/\/agora.xtec.cat\/esc-renaixencahostalets\/wp-json\/wp\/v2\/media\/6163"}],"wp:attachment":[{"href":"https:\/\/agora.xtec.cat\/esc-renaixencahostalets\/wp-json\/wp\/v2\/media?parent=6162"}],"wp:term":[{"taxonomy":"category","embeddable":true,"href":"https:\/\/agora.xtec.cat\/esc-renaixencahostalets\/wp-json\/wp\/v2\/categories?post=6162"},{"taxonomy":"post_tag","embeddable":true,"href":"https:\/\/agora.xtec.cat\/esc-renaixencahostalets\/wp-json\/wp\/v2\/tags?post=6162"}],"curies":[{"name":"wp","href":"https:\/\/api.w.org\/{rel}","templated":true}]}}