{"id":6047,"date":"2019-11-26T13:20:26","date_gmt":"2019-11-26T12:20:26","guid":{"rendered":"http:\/\/agora.xtec.cat\/esc-renaixencahostalets\/?p=6047"},"modified":"2019-11-26T13:20:26","modified_gmt":"2019-11-26T12:20:26","slug":"les-deus-aventura","status":"publish","type":"post","link":"https:\/\/agora.xtec.cat\/esc-renaixencahostalets\/general\/les-deus-aventura\/","title":{"rendered":"Les Deus Aventura"},"content":{"rendered":"<p>Hola fam\u00edlies,<\/p>\n<p>les fotos s&#8217;han fet esperar per\u00f2 ja les tenim aqu\u00ed. Segurament els vostres fills\/es ja us van explicar que s&#8217;ho van passar d&#8217;all\u00f2 m\u00e9s b\u00e9 llan\u00e7ant-se per les tirolines, donant voltes per la ratera, fent el circuit d&#8217;agilitat&#8230;<\/p>\n<p><a href=\"http:\/\/agora.xtec.cat\/esc-renaixencahostalets\/fotos-2n\/\">Aqu\u00ed us pengem les fotos d&#8217;aquell dia.<\/a><\/p>\n<p><a href=\"https:\/\/agora.xtec.cat\/esc-renaixencahostalets\/wp-content\/uploads\/usu1823\/2019\/11\/les-deus-aventura-logo-petit.jpg\"><img loading=\"lazy\" decoding=\"async\" class=\"alignnone  wp-image-6049\" src=\"https:\/\/agora.xtec.cat\/esc-renaixencahostalets\/wp-content\/uploads\/usu1823\/2019\/11\/les-deus-aventura-logo-petit.jpg\" alt=\"\" width=\"290\" height=\"93\" srcset=\"https:\/\/agora.xtec.cat\/esc-renaixencahostalets\/wp-content\/uploads\/usu1823\/2019\/11\/les-deus-aventura-logo-petit.jpg 800w, https:\/\/agora.xtec.cat\/esc-renaixencahostalets\/wp-content\/uploads\/usu1823\/2019\/11\/les-deus-aventura-logo-petit-300x96.jpg 300w, https:\/\/agora.xtec.cat\/esc-renaixencahostalets\/wp-content\/uploads\/usu1823\/2019\/11\/les-deus-aventura-logo-petit-768x246.jpg 768w\" sizes=\"auto, (max-width: 290px) 100vw, 290px\" \/><\/a><\/p>\n<p>Fins la propera!<\/p>\n","protected":false},"excerpt":{"rendered":"<p>Hola fam\u00edlies,<br \/>\nles fotos s&#8217;han fet esperar per\u00f2 ja les tenim aqu\u00ed. Segurament els vostres fills\/es ja us van explicar que s&#8217;ho van passar d&#8217;all\u00f2 m\u00e9s b\u00e9 llan\u00e7ant-se per les tirolines, donant voltes per la ratera, fent el circuit d&#8217;agilitat&#8230;<br \/>\n<a href=\"http:\/\/agora.xtec.cat\/esc-renaixencahostalets\/fotos-2n\/\">Aqu\u00ed us pengem les fotos d&#8217;aquell&hellip;  <a href=\"https:\/\/agora.xtec.cat\/esc-renaixencahostalets\/general\/les-deus-aventura\/\" title=\"Read Les Deus Aventura\">Llegeix m\u00e9s\u00bb<\/a><\/p>\n","protected":false},"author":30,"featured_media":0,"comment_status":"open","ping_status":"closed","sticky":false,"template":"","format":"standard","meta":{"_bbp_topic_count":0,"_bbp_reply_count":0,"_bbp_total_topic_count":0,"_bbp_total_reply_count":0,"_bbp_voice_count":0,"_bbp_anonymous_reply_count":0,"_bbp_topic_count_hidden":0,"_bbp_reply_count_hidden":0,"_bbp_forum_subforum_count":0,"footnotes":""},"categories":[11,1,122],"tags":[],"class_list":["post-6047","post","type-post","status-publish","format-standard","hentry","category-2n","category-general","category-122"],"post_mailing_queue_ids":[],"_links":{"self":[{"href":"https:\/\/agora.xtec.cat\/esc-renaixencahostalets\/wp-json\/wp\/v2\/posts\/6047","targetHints":{"allow":["GET"]}}],"collection":[{"href":"https:\/\/agora.xtec.cat\/esc-renaixencahostalets\/wp-json\/wp\/v2\/posts"}],"about":[{"href":"https:\/\/agora.xtec.cat\/esc-renaixencahostalets\/wp-json\/wp\/v2\/types\/post"}],"author":[{"embeddable":true,"href":"https:\/\/agora.xtec.cat\/esc-renaixencahostalets\/wp-json\/wp\/v2\/users\/30"}],"replies":[{"embeddable":true,"href":"https:\/\/agora.xtec.cat\/esc-renaixencahostalets\/wp-json\/wp\/v2\/comments?post=6047"}],"version-history":[{"count":2,"href":"https:\/\/agora.xtec.cat\/esc-renaixencahostalets\/wp-json\/wp\/v2\/posts\/6047\/revisions"}],"predecessor-version":[{"id":6050,"href":"https:\/\/agora.xtec.cat\/esc-renaixencahostalets\/wp-json\/wp\/v2\/posts\/6047\/revisions\/6050"}],"wp:attachment":[{"href":"https:\/\/agora.xtec.cat\/esc-renaixencahostalets\/wp-json\/wp\/v2\/media?parent=6047"}],"wp:term":[{"taxonomy":"category","embeddable":true,"href":"https:\/\/agora.xtec.cat\/esc-renaixencahostalets\/wp-json\/wp\/v2\/categories?post=6047"},{"taxonomy":"post_tag","embeddable":true,"href":"https:\/\/agora.xtec.cat\/esc-renaixencahostalets\/wp-json\/wp\/v2\/tags?post=6047"}],"curies":[{"name":"wp","href":"https:\/\/api.w.org\/{rel}","templated":true}]}}