{"id":6039,"date":"2019-12-09T14:09:45","date_gmt":"2019-12-09T13:09:45","guid":{"rendered":"http:\/\/agora.xtec.cat\/esc-renaixencahostalets\/?p=6039"},"modified":"2019-12-09T14:10:14","modified_gmt":"2019-12-09T13:10:14","slug":"la-vida-no-tant-petita-que-ens-envolta","status":"publish","type":"post","link":"https:\/\/agora.xtec.cat\/esc-renaixencahostalets\/general\/la-vida-no-tant-petita-que-ens-envolta\/","title":{"rendered":"La vida no tant petita que ens envolta!"},"content":{"rendered":"<p>25 de novembre:<\/p>\n<ul>\n<li>Avui hem tornat a veure els fongs i ara hi ha m\u00e9s vida (de diferent colors i m\u00e9s grans).<\/li>\n<li>Ens preguntem:\n<ul>\n<li>Qu\u00e8 \u00e9s el &#8220;moho&#8221;?<\/li>\n<li>Les bacteries i els microbis es transformen en moho?<\/li>\n<li>El moho i les bact\u00e8ries tenen diferents fases?<\/li>\n<\/ul>\n<\/li>\n<li>Volem fer un experiment perqu\u00e8 no tenim clar si creixeran m\u00e9s fongs i bacteries amb el sucre de les llaminadures que amb el sucre de les fruites i verdures:<\/li>\n<li>Hem fet diferents hip\u00f2tesis:\n<ul>\n<li>Creiem que els colors que pot tenir el fong \u00e9s blanc, verd, negre i taronja.<\/li>\n<li>Al voltant de les taques verdes no creixia la &#8220;pelusilla&#8221; perqu\u00e8 se la menja.<\/li>\n<li>Creiem que hi\u00a0 ha un virus que es menja la pelusilla i es va tornant el moho.<\/li>\n<\/ul>\n<\/li>\n<li>Hem vist que el lloc on han crescut m\u00e9s coses s\u00f3n les mostres dels dits i en el que han crescut menys coses son el fons del cubell de l&#8217;org\u00e0nic.<\/li>\n<li>Nosaltres vol\u00edem saber quina \u00e9s la part del nostre entorn que t\u00e9 m\u00e9s vida. De moment creiem que s\u00f3n els nostres dits perqu\u00e8 en la mostra que hem pr\u00e9s \u00e9s on han crescut m\u00e9s coses. Ens hem de rentar les mans sovint!<\/li>\n<li>Ens hem de rentar b\u00e9 les dents perqu\u00e8 a la boca hi tenim bact\u00e8ries i amb el menjar els donem menjar i poden creixer.<\/li>\n<\/ul>\n<p>&nbsp;<\/p>\n<p>9 de desembre<\/p>\n<p>El Miquel ha portat una lupa digital que t\u00e9 i hem fet un cop d&#8217;ull d&#8217;aprop als fongs que creixen a les plaques de petri. <a href=\"https:\/\/drive.google.com\/drive\/folders\/1mNDSSyCmg81HpWKI3zJTadsQQrfefxA4?usp=sharing\">Els voleu veure<\/a>?<\/p>\n<p>Tamb\u00e9 hem aprofitat per veure els nostres dits d&#8217;aprop!<\/p>\n","protected":false},"excerpt":{"rendered":"<p>25 de novembre:<\/p>\n<ul>\n<li>Avui hem tornat a veure els fongs i ara hi ha m\u00e9s vida (de diferent colors i m\u00e9s grans).<\/li>\n<li>Ens preguntem:\n<ul>\n<li>Qu\u00e8 \u00e9s el &#8220;moho&#8221;?<\/li>\n<li>Les bacteries i els microbis es transformen en moho?<\/li>\n<li>El moho i les bact\u00e8ries tenen diferents fases?<\/li>\n<\/ul>\n<\/li>\n<li>Volem fer un experiment perqu\u00e8 no&hellip;  <a href=\"https:\/\/agora.xtec.cat\/esc-renaixencahostalets\/general\/la-vida-no-tant-petita-que-ens-envolta\/\" title=\"Read La vida no tant petita que ens envolta!\">Llegeix m\u00e9s\u00bb<\/a><br \/>\n","protected":false},"author":40,"featured_media":0,"comment_status":"open","ping_status":"closed","sticky":false,"template":"","format":"standard","meta":{"_bbp_topic_count":0,"_bbp_reply_count":0,"_bbp_total_topic_count":0,"_bbp_total_reply_count":0,"_bbp_voice_count":0,"_bbp_anonymous_reply_count":0,"_bbp_topic_count_hidden":0,"_bbp_reply_count_hidden":0,"_bbp_forum_subforum_count":0,"footnotes":""},"categories":[13,1,119],"tags":[],"class_list":["post-6039","post","type-post","status-publish","format-standard","hentry","category-4t","category-general","category-119"],"post_mailing_queue_ids":[],"_links":{"self":[{"href":"https:\/\/agora.xtec.cat\/esc-renaixencahostalets\/wp-json\/wp\/v2\/posts\/6039","targetHints":{"allow":["GET"]}}],"collection":[{"href":"https:\/\/agora.xtec.cat\/esc-renaixencahostalets\/wp-json\/wp\/v2\/posts"}],"about":[{"href":"https:\/\/agora.xtec.cat\/esc-renaixencahostalets\/wp-json\/wp\/v2\/types\/post"}],"author":[{"embeddable":true,"href":"https:\/\/agora.xtec.cat\/esc-renaixencahostalets\/wp-json\/wp\/v2\/users\/40"}],"replies":[{"embeddable":true,"href":"https:\/\/agora.xtec.cat\/esc-renaixencahostalets\/wp-json\/wp\/v2\/comments?post=6039"}],"version-history":[{"count":3,"href":"https:\/\/agora.xtec.cat\/esc-renaixencahostalets\/wp-json\/wp\/v2\/posts\/6039\/revisions"}],"predecessor-version":[{"id":6127,"href":"https:\/\/agora.xtec.cat\/esc-renaixencahostalets\/wp-json\/wp\/v2\/posts\/6039\/revisions\/6127"}],"wp:attachment":[{"href":"https:\/\/agora.xtec.cat\/esc-renaixencahostalets\/wp-json\/wp\/v2\/media?parent=6039"}],"wp:term":[{"taxonomy":"category","embeddable":true,"href":"https:\/\/agora.xtec.cat\/esc-renaixencahostalets\/wp-json\/wp\/v2\/categories?post=6039"},{"taxonomy":"post_tag","embeddable":true,"href":"https:\/\/agora.xtec.cat\/esc-renaixencahostalets\/wp-json\/wp\/v2\/tags?post=6039"}],"curies":[{"name":"wp","href":"https:\/\/api.w.org\/{rel}","templated":true}]}}