{"id":5547,"date":"2019-10-15T13:39:43","date_gmt":"2019-10-15T11:39:43","guid":{"rendered":"http:\/\/agora.xtec.cat\/esc-renaixencahostalets\/?p=5547"},"modified":"2019-10-15T19:31:20","modified_gmt":"2019-10-15T17:31:20","slug":"eix-cronologic-de-les-dues-ultimes-eres-geologiques","status":"publish","type":"post","link":"https:\/\/agora.xtec.cat\/esc-renaixencahostalets\/general\/eix-cronologic-de-les-dues-ultimes-eres-geologiques\/","title":{"rendered":"Eix cronol\u00f2gic de les dues \u00faltimes eres geol\u00f2giques."},"content":{"rendered":"<p><a href=\"https:\/\/agora.xtec.cat\/esc-renaixencahostalets\/wp-content\/uploads\/usu1823\/2019\/10\/3.jpg\"><img loading=\"lazy\" decoding=\"async\" class=\" wp-image-5548 alignleft\" src=\"https:\/\/agora.xtec.cat\/esc-renaixencahostalets\/wp-content\/uploads\/usu1823\/2019\/10\/3.jpg\" alt=\"\" width=\"450\" height=\"346\" \/><\/a>A l\u2019espai per exposar treballs de cicle mitj\u00e0 i superior (entrada de l\u2019escola) ja fa un parell de setmanes que hi ha un eix cronol\u00f2gic de les dues \u00faltimes eres geol\u00f2giques, que s\u00f3n la mesozoica i la cenozoica. Aquestes dues eres van tenir una durada de 250 milions d\u2019anys i l\u2019alumnat els ha representat amb fulls de colors blaus i vermells. Els 18,5 fulls blaus representen els 185 milions d&#8217;anys que va durar l\u2019era mesozoica. Els 6,5 fulls vermells representen els 65 milions d\u2019anys que va durar l\u2019era cenozoica.<\/p>\n<p>Observant amb molta atenci\u00f3 els detalls d\u2019aquest eix podreu veure que l\u2019era mesozoica estava dividida en tres \u00e8poques. L\u2019era cenozoica estava dividida en moltes \u00e8poques, de manera que a la part inferior de l\u2019espai hi podeu trobar una ampliaci\u00f3 d\u2019aquesta era amb tons c\u00e0lids. Cada color correspon a una \u00e8poca de l\u2019era cenozoica. A m\u00e9s a m\u00e9s, tamb\u00e9 podreu trobar-hi informaci\u00f3 de totes les \u00e8poques que conformen l\u2019era mesozoica i cenozoica. Aquesta exposici\u00f3 l\u2019han realitzada els i les alumnes de 6\u00e8 A i B dins del primer projecte d\u2019aquest curs. Animeu-vos a visitar-la!<\/p>\n<p>&nbsp;<\/p>\n<p>&nbsp;<\/p>\n","protected":false},"excerpt":{"rendered":"<p><a href=\"https:\/\/agora.xtec.cat\/esc-renaixencahostalets\/wp-content\/uploads\/usu1823\/2019\/10\/3.jpg\"><\/a>A l\u2019espai per exposar treballs de cicle mitj\u00e0 i superior (entrada de l\u2019escola) ja fa un parell de setmanes que hi ha un eix cronol\u00f2gic de les dues \u00faltimes eres geol\u00f2giques, que s\u00f3n la mesozoica i la cenozoica. Aquestes dues eres van tenir una&hellip;  <a href=\"https:\/\/agora.xtec.cat\/esc-renaixencahostalets\/general\/eix-cronologic-de-les-dues-ultimes-eres-geologiques\/\" title=\"Read Eix cronol\u00f2gic de les dues \u00faltimes eres geol\u00f2giques.\">Llegeix m\u00e9s\u00bb<\/a><\/p>\n","protected":false},"author":26,"featured_media":0,"comment_status":"open","ping_status":"closed","sticky":false,"template":"","format":"standard","meta":{"_bbp_topic_count":0,"_bbp_reply_count":0,"_bbp_total_topic_count":0,"_bbp_total_reply_count":0,"_bbp_voice_count":0,"_bbp_anonymous_reply_count":0,"_bbp_topic_count_hidden":0,"_bbp_reply_count_hidden":0,"_bbp_forum_subforum_count":0,"footnotes":""},"categories":[15,1],"tags":[],"class_list":["post-5547","post","type-post","status-publish","format-standard","hentry","category-6e","category-general"],"post_mailing_queue_ids":[],"_links":{"self":[{"href":"https:\/\/agora.xtec.cat\/esc-renaixencahostalets\/wp-json\/wp\/v2\/posts\/5547","targetHints":{"allow":["GET"]}}],"collection":[{"href":"https:\/\/agora.xtec.cat\/esc-renaixencahostalets\/wp-json\/wp\/v2\/posts"}],"about":[{"href":"https:\/\/agora.xtec.cat\/esc-renaixencahostalets\/wp-json\/wp\/v2\/types\/post"}],"author":[{"embeddable":true,"href":"https:\/\/agora.xtec.cat\/esc-renaixencahostalets\/wp-json\/wp\/v2\/users\/26"}],"replies":[{"embeddable":true,"href":"https:\/\/agora.xtec.cat\/esc-renaixencahostalets\/wp-json\/wp\/v2\/comments?post=5547"}],"version-history":[{"count":2,"href":"https:\/\/agora.xtec.cat\/esc-renaixencahostalets\/wp-json\/wp\/v2\/posts\/5547\/revisions"}],"predecessor-version":[{"id":5550,"href":"https:\/\/agora.xtec.cat\/esc-renaixencahostalets\/wp-json\/wp\/v2\/posts\/5547\/revisions\/5550"}],"wp:attachment":[{"href":"https:\/\/agora.xtec.cat\/esc-renaixencahostalets\/wp-json\/wp\/v2\/media?parent=5547"}],"wp:term":[{"taxonomy":"category","embeddable":true,"href":"https:\/\/agora.xtec.cat\/esc-renaixencahostalets\/wp-json\/wp\/v2\/categories?post=5547"},{"taxonomy":"post_tag","embeddable":true,"href":"https:\/\/agora.xtec.cat\/esc-renaixencahostalets\/wp-json\/wp\/v2\/tags?post=5547"}],"curies":[{"name":"wp","href":"https:\/\/api.w.org\/{rel}","templated":true}]}}