{"id":5472,"date":"2019-09-27T18:04:35","date_gmt":"2019-09-27T16:04:35","guid":{"rendered":"http:\/\/agora.xtec.cat\/esc-renaixencahostalets\/?p=5472"},"modified":"2020-10-15T20:49:04","modified_gmt":"2020-10-15T18:49:04","slug":"setmana-pel-clima","status":"publish","type":"post","link":"https:\/\/agora.xtec.cat\/esc-renaixencahostalets\/general\/setmana-pel-clima\/","title":{"rendered":"Setmana pel clima"},"content":{"rendered":"<p>En motiu de la setmana pel clima convocada a nivell mundial per conscienciar sobre la urg\u00e8ncia d&#8217;emprendre un canvi global immediat en les pol\u00edtiques mediambientals, a l&#8217;escola hem fet un petit acte abans d&#8217;acabar el mat\u00ed, on els diferents cursos ens hem trobat i hem fet sentir la nostra veu.<\/p>\n<p>Ha estat el punt final a una setmana que en la qual el clima ha estat present en el nostre &#8220;Bon dia&#8221; i esperem que ens ajudi a iniciar un allau d&#8217;accions que s\u00f3n necess\u00e0ries per afrontar aquesta gran emerg\u00e8ncia global.<\/p>\n<p><strong>Mai s&#8217;\u00e9s massa petit per marcar la difer\u00e8ncia <\/strong><\/p>\n<table>\n<tbody>\n<tr>\n<td><iframe loading=\"lazy\" src=\"https:\/\/drive.google.com\/file\/d\/1vkzhih3_6HIsyoZot_SZ-T9H4uWm0F2v\/preview\" width=\"640\" height=\"480\"><\/iframe><\/td>\n<\/tr>\n<tr>\n<td><iframe loading=\"lazy\" src=\"https:\/\/drive.google.com\/file\/d\/17MeS7gm2Fy09p0VhGoV1S6J-bYjxTL-T\/preview\" width=\"640\" height=\"480\"><\/iframe><\/td>\n<\/tr>\n<tr>\n<td><iframe loading=\"lazy\" src=\"https:\/\/drive.google.com\/file\/d\/1b2gW9l7r-av2P-V-wHMznx6zJNNlg6mn\/preview\" width=\"640\" height=\"480\"><\/iframe><\/td>\n<\/tr>\n<tr>\n<td><iframe loading=\"lazy\" src=\"https:\/\/drive.google.com\/file\/d\/1JUrNfYPCrorynnGn_m3ybp5lLaKYWrZ1\/preview\" width=\"640\" height=\"480\"><\/iframe><\/td>\n<\/tr>\n<tr>\n<td style=\"text-align: center;\"><iframe loading=\"lazy\" src=\"https:\/\/drive.google.com\/file\/d\/1UGB81yg0IdgglE5bF1hgKll2LVlAL6pu\/preview\" width=\"640\" height=\"480\"><\/iframe><\/td>\n<\/tr>\n<\/tbody>\n<\/table>\n","protected":false},"excerpt":{"rendered":"<p>En motiu de la setmana pel clima convocada a nivell mundial per conscienciar sobre la urg\u00e8ncia d&#8217;emprendre un canvi global immediat en les pol\u00edtiques mediambientals, a l&#8217;escola hem fet un petit acte abans d&#8217;acabar el mat\u00ed, on els diferents cursos ens hem trobat i hem&hellip;  <a href=\"https:\/\/agora.xtec.cat\/esc-renaixencahostalets\/general\/setmana-pel-clima\/\" title=\"Read Setmana pel clima\">Llegeix m\u00e9s\u00bb<\/a><\/p>\n","protected":false},"author":1,"featured_media":0,"comment_status":"open","ping_status":"closed","sticky":false,"template":"","format":"standard","meta":{"_bbp_topic_count":0,"_bbp_reply_count":0,"_bbp_total_topic_count":0,"_bbp_total_reply_count":0,"_bbp_voice_count":0,"_bbp_anonymous_reply_count":0,"_bbp_topic_count_hidden":0,"_bbp_reply_count_hidden":0,"_bbp_forum_subforum_count":0,"footnotes":""},"categories":[10,11,12,13,14,15,1],"tags":[],"class_list":["post-5472","post","type-post","status-publish","format-standard","hentry","category-1r","category-2n","category-3r","category-4t","category-5e","category-6e","category-general"],"post_mailing_queue_ids":[],"_links":{"self":[{"href":"https:\/\/agora.xtec.cat\/esc-renaixencahostalets\/wp-json\/wp\/v2\/posts\/5472","targetHints":{"allow":["GET"]}}],"collection":[{"href":"https:\/\/agora.xtec.cat\/esc-renaixencahostalets\/wp-json\/wp\/v2\/posts"}],"about":[{"href":"https:\/\/agora.xtec.cat\/esc-renaixencahostalets\/wp-json\/wp\/v2\/types\/post"}],"author":[{"embeddable":true,"href":"https:\/\/agora.xtec.cat\/esc-renaixencahostalets\/wp-json\/wp\/v2\/users\/1"}],"replies":[{"embeddable":true,"href":"https:\/\/agora.xtec.cat\/esc-renaixencahostalets\/wp-json\/wp\/v2\/comments?post=5472"}],"version-history":[{"count":3,"href":"https:\/\/agora.xtec.cat\/esc-renaixencahostalets\/wp-json\/wp\/v2\/posts\/5472\/revisions"}],"predecessor-version":[{"id":5483,"href":"https:\/\/agora.xtec.cat\/esc-renaixencahostalets\/wp-json\/wp\/v2\/posts\/5472\/revisions\/5483"}],"wp:attachment":[{"href":"https:\/\/agora.xtec.cat\/esc-renaixencahostalets\/wp-json\/wp\/v2\/media?parent=5472"}],"wp:term":[{"taxonomy":"category","embeddable":true,"href":"https:\/\/agora.xtec.cat\/esc-renaixencahostalets\/wp-json\/wp\/v2\/categories?post=5472"},{"taxonomy":"post_tag","embeddable":true,"href":"https:\/\/agora.xtec.cat\/esc-renaixencahostalets\/wp-json\/wp\/v2\/tags?post=5472"}],"curies":[{"name":"wp","href":"https:\/\/api.w.org\/{rel}","templated":true}]}}