{"id":5422,"date":"2019-06-16T00:13:00","date_gmt":"2019-06-15T22:13:00","guid":{"rendered":"http:\/\/agora.xtec.cat\/esc-renaixencahostalets\/?p=5422"},"modified":"2019-06-16T00:17:31","modified_gmt":"2019-06-15T22:17:31","slug":"jornades-esportives","status":"publish","type":"post","link":"https:\/\/agora.xtec.cat\/esc-renaixencahostalets\/general\/jornades-esportives\/","title":{"rendered":"Jornades esportives"},"content":{"rendered":"<p style=\"text-align: justify;\">El passat dilluns 10 de juny els nens i les nenes de prim\u00e0ria van poder gaudir de les I Jornades esportives celebrades al Camp de futbol Municipal dels Hostalets de Pierola.<br \/>\nEls equips eren formats per nens i nenes de 1r a 6\u00e8 i varen fer des del joc del mocador a un partidet de futbol, passant tamb\u00e9 per jocs com el ringo, plantar la pilota, el &#8220;mata conills&#8221;, iniciaci\u00f3 a l&#8217;handbol, els 10 passes i atrapar cues.<br \/>\nQuan van acabar es van poder remullar amb els aspersors del camp.<br \/>\nA part de l&#8217;activitat f\u00edsica que van realitzar van poder gaudir del companyonia de l&#8217;equip,\u00a0 del saber guanyar i perdre i de poder compartir una estona de joc amb altres nens i nenes.<br \/>\n<strong>Va ser un gran dia.<\/strong><\/p>\n<table style=\"border-collapse: collapse; width: 100%;\" border=\"1\">\n<tbody>\n<tr>\n<td style=\"width: 33.3333%;\"><a href=\"http:\/\/agora.xtec.cat\/esc-renaixencahostalets\/fotos\/fotos-1r\/\"><img decoding=\"async\" src=\"https:\/\/agora.xtec.cat\/esc-renaixencahostalets\/wp-content\/uploads\/usu1823\/2018\/11\/primer.jpg\" \/><\/a><\/td>\n<td style=\"width: 33.3333%;\"><a href=\"&quot;http:\/\/agora.xtec.cat\/esc-renaixencahostalets\/fotos\/fotos-2n\/\"><img decoding=\"async\" src=\"https:\/\/agora.xtec.cat\/esc-renaixencahostalets\/wp-content\/uploads\/usu1823\/2018\/11\/segon.jpg\" \/><\/a><\/td>\n<td style=\"width: 33.3333%;\"><a href=\"http:\/\/agora.xtec.cat\/esc-renaixencahostalets\/fotos\/fotos-3r\/\"><img decoding=\"async\" src=\"https:\/\/agora.xtec.cat\/esc-renaixencahostalets\/wp-content\/uploads\/usu1823\/2018\/11\/tercer.jpg\" \/><\/a><\/td>\n<\/tr>\n<tr>\n<td style=\"width: 33.3333%; text-align: center;\"><a href=\"http:\/\/agora.xtec.cat\/esc-renaixencahostalets\/fotos\/fotos-1r\/\">1r<\/a><\/td>\n<td style=\"width: 33.3333%; text-align: center;\"><a href=\"&quot;http:\/\/agora.xtec.cat\/esc-renaixencahostalets\/fotos\/fotos-2n\/\">2n<\/a><\/td>\n<td style=\"width: 33.3333%; text-align: center;\"><a href=\"http:\/\/agora.xtec.cat\/esc-renaixencahostalets\/fotos\/fotos-3r\/\">3r<\/a><\/td>\n<\/tr>\n<tr>\n<td style=\"width: 33.3333%;\"><a href=\"http:\/\/agora.xtec.cat\/esc-renaixencahostalets\/fotos\/fotos-4t\/\"><img decoding=\"async\" src=\"https:\/\/agora.xtec.cat\/esc-renaixencahostalets\/wp-content\/uploads\/usu1823\/2018\/11\/quart.jpg\" \/><\/a><\/td>\n<td style=\"width: 33.3333%;\"><a href=\"http:\/\/agora.xtec.cat\/esc-renaixencahostalets\/fotos\/fotos-5e\/\"><img decoding=\"async\" src=\"https:\/\/agora.xtec.cat\/esc-renaixencahostalets\/wp-content\/uploads\/usu1823\/2018\/11\/cinque.jpg\" \/><\/a><\/td>\n<td style=\"width: 33.3333%;\"><a href=\"http:\/\/agora.xtec.cat\/esc-renaixencahostalets\/fotos\/fotos-6e\/\"><img decoding=\"async\" src=\"https:\/\/agora.xtec.cat\/esc-renaixencahostalets\/wp-content\/uploads\/usu1823\/2018\/11\/6e%CC%80s.jpg\" \/><\/a><\/td>\n<\/tr>\n<tr>\n<td style=\"width: 33.3333%; text-align: center;\"><a href=\"http:\/\/agora.xtec.cat\/esc-renaixencahostalets\/fotos\/fotos-4t\/\">4t<\/a><\/td>\n<td style=\"width: 33.3333%; text-align: center;\"><a href=\"http:\/\/agora.xtec.cat\/esc-renaixencahostalets\/fotos\/fotos-5e\/\">5\u00e8<\/a><\/td>\n<td style=\"width: 33.3333%; text-align: center;\"><a href=\"http:\/\/agora.xtec.cat\/esc-renaixencahostalets\/fotos\/fotos-6e\/\">6\u00e8<\/a><\/td>\n<\/tr>\n<\/tbody>\n<\/table>\n<p>&nbsp;<\/p>\n","protected":false},"excerpt":{"rendered":"<p>El passat dilluns 10 de juny els nens i les nenes de prim\u00e0ria van poder gaudir de les I Jornades esportives celebrades al Camp de futbol Municipal dels Hostalets de Pierola.<br \/>\nEls equips eren formats per nens i nenes de 1r a 6\u00e8 i varen fer&hellip;  <a href=\"https:\/\/agora.xtec.cat\/esc-renaixencahostalets\/general\/jornades-esportives\/\" title=\"Read Jornades esportives\">Llegeix m\u00e9s\u00bb<\/a><\/p>\n","protected":false},"author":11,"featured_media":5429,"comment_status":"open","ping_status":"closed","sticky":false,"template":"","format":"standard","meta":{"_bbp_topic_count":0,"_bbp_reply_count":0,"_bbp_total_topic_count":0,"_bbp_total_reply_count":0,"_bbp_voice_count":0,"_bbp_anonymous_reply_count":0,"_bbp_topic_count_hidden":0,"_bbp_reply_count_hidden":0,"_bbp_forum_subforum_count":0,"footnotes":""},"categories":[10,11,12,13,14,15,1],"tags":[],"class_list":["post-5422","post","type-post","status-publish","format-standard","has-post-thumbnail","hentry","category-1r","category-2n","category-3r","category-4t","category-5e","category-6e","category-general"],"post_mailing_queue_ids":[],"_links":{"self":[{"href":"https:\/\/agora.xtec.cat\/esc-renaixencahostalets\/wp-json\/wp\/v2\/posts\/5422","targetHints":{"allow":["GET"]}}],"collection":[{"href":"https:\/\/agora.xtec.cat\/esc-renaixencahostalets\/wp-json\/wp\/v2\/posts"}],"about":[{"href":"https:\/\/agora.xtec.cat\/esc-renaixencahostalets\/wp-json\/wp\/v2\/types\/post"}],"author":[{"embeddable":true,"href":"https:\/\/agora.xtec.cat\/esc-renaixencahostalets\/wp-json\/wp\/v2\/users\/11"}],"replies":[{"embeddable":true,"href":"https:\/\/agora.xtec.cat\/esc-renaixencahostalets\/wp-json\/wp\/v2\/comments?post=5422"}],"version-history":[{"count":1,"href":"https:\/\/agora.xtec.cat\/esc-renaixencahostalets\/wp-json\/wp\/v2\/posts\/5422\/revisions"}],"predecessor-version":[{"id":5430,"href":"https:\/\/agora.xtec.cat\/esc-renaixencahostalets\/wp-json\/wp\/v2\/posts\/5422\/revisions\/5430"}],"wp:featuredmedia":[{"embeddable":true,"href":"https:\/\/agora.xtec.cat\/esc-renaixencahostalets\/wp-json\/wp\/v2\/media\/5429"}],"wp:attachment":[{"href":"https:\/\/agora.xtec.cat\/esc-renaixencahostalets\/wp-json\/wp\/v2\/media?parent=5422"}],"wp:term":[{"taxonomy":"category","embeddable":true,"href":"https:\/\/agora.xtec.cat\/esc-renaixencahostalets\/wp-json\/wp\/v2\/categories?post=5422"},{"taxonomy":"post_tag","embeddable":true,"href":"https:\/\/agora.xtec.cat\/esc-renaixencahostalets\/wp-json\/wp\/v2\/tags?post=5422"}],"curies":[{"name":"wp","href":"https:\/\/api.w.org\/{rel}","templated":true}]}}