{"id":5337,"date":"2019-05-19T22:11:31","date_gmt":"2019-05-19T20:11:31","guid":{"rendered":"http:\/\/agora.xtec.cat\/esc-renaixencahostalets\/?p=5337"},"modified":"2019-05-19T22:11:31","modified_gmt":"2019-05-19T20:11:31","slug":"sortida-fundacio-alicia","status":"publish","type":"post","link":"https:\/\/agora.xtec.cat\/esc-renaixencahostalets\/general\/sortida-fundacio-alicia\/","title":{"rendered":"SORTIDA FUNDACI\u00d3 AL\u00cdCIA"},"content":{"rendered":"<p>El divendres 10 de maig els infants d&#8217;educaci\u00f3 infantil van fer la sortida a la Fundaci\u00f3 Al\u00edcia. Ens va fer un dia espectacular, un dia de sol incre\u00efble. All\u00e0 vam realitzar l\u2019activitat\u00a0 &#8220;ENTREPANTS EXTRAVAGANTS&#8221;, primer vam ajudar a la J\u00falia, la cuinera, a endre\u00e7ar el seu rebost i despr\u00e9s vam crear uns entrepants molt especials utilitzant ingredients variats i molt adequats per un esmorzar saludable.<\/p>\n<p><a href=\"https:\/\/agora.xtec.cat\/esc-renaixencahostalets\/wp-content\/uploads\/usu1823\/2019\/05\/P5100170.jpg\"><img loading=\"lazy\" decoding=\"async\" class=\" wp-image-5382\" src=\"https:\/\/agora.xtec.cat\/esc-renaixencahostalets\/wp-content\/uploads\/usu1823\/2019\/05\/P5100170-1024x768.jpg\" alt=\"\" width=\"413\" height=\"310\" srcset=\"https:\/\/agora.xtec.cat\/esc-renaixencahostalets\/wp-content\/uploads\/usu1823\/2019\/05\/P5100170-1024x768.jpg 1024w, https:\/\/agora.xtec.cat\/esc-renaixencahostalets\/wp-content\/uploads\/usu1823\/2019\/05\/P5100170-300x225.jpg 300w, https:\/\/agora.xtec.cat\/esc-renaixencahostalets\/wp-content\/uploads\/usu1823\/2019\/05\/P5100170-768x576.jpg 768w, https:\/\/agora.xtec.cat\/esc-renaixencahostalets\/wp-content\/uploads\/usu1823\/2019\/05\/P5100170-200x150.jpg 200w, https:\/\/agora.xtec.cat\/esc-renaixencahostalets\/wp-content\/uploads\/usu1823\/2019\/05\/P5100170.jpg 1600w\" sizes=\"auto, (max-width: 413px) 100vw, 413px\" \/><\/a><\/p>\n<p>&nbsp;<\/p>\n<p>Us deixem algunes fotos<\/p>\n<p><a href=\"http:\/\/agora.xtec.cat\/esc-renaixencahostalets\/fotos\/fotos-p3\/\">FOTOS P3<\/a><\/p>\n<p><a href=\"http:\/\/agora.xtec.cat\/esc-renaixencahostalets\/fotos\/fotos-p4\/\">FOTOS P4<\/a><\/p>\n<p><a href=\"http:\/\/agora.xtec.cat\/esc-renaixencahostalets\/fotos\/fotos-p5\/\">FOTOS P5<\/a><\/p>\n","protected":false},"excerpt":{"rendered":"<p>El divendres 10 de maig els infants d&#8217;educaci\u00f3 infantil van fer la sortida a la Fundaci\u00f3 Al\u00edcia. Ens va fer un dia espectacular, un dia de sol incre\u00efble. All\u00e0 vam realitzar l\u2019activitat\u00a0 &#8220;ENTREPANTS EXTRAVAGANTS&#8221;, primer vam ajudar a la J\u00falia, la cuinera, a endre\u00e7ar el&hellip;  <a href=\"https:\/\/agora.xtec.cat\/esc-renaixencahostalets\/general\/sortida-fundacio-alicia\/\" title=\"Read SORTIDA FUNDACI\u00d3 AL\u00cdCIA\">Llegeix m\u00e9s\u00bb<\/a><\/p>\n","protected":false},"author":25,"featured_media":0,"comment_status":"open","ping_status":"closed","sticky":false,"template":"","format":"standard","meta":{"_bbp_topic_count":0,"_bbp_reply_count":0,"_bbp_total_topic_count":0,"_bbp_total_reply_count":0,"_bbp_voice_count":0,"_bbp_anonymous_reply_count":0,"_bbp_topic_count_hidden":0,"_bbp_reply_count_hidden":0,"_bbp_forum_subforum_count":0,"footnotes":""},"categories":[1],"tags":[],"class_list":["post-5337","post","type-post","status-publish","format-standard","hentry","category-general"],"post_mailing_queue_ids":[],"_links":{"self":[{"href":"https:\/\/agora.xtec.cat\/esc-renaixencahostalets\/wp-json\/wp\/v2\/posts\/5337","targetHints":{"allow":["GET"]}}],"collection":[{"href":"https:\/\/agora.xtec.cat\/esc-renaixencahostalets\/wp-json\/wp\/v2\/posts"}],"about":[{"href":"https:\/\/agora.xtec.cat\/esc-renaixencahostalets\/wp-json\/wp\/v2\/types\/post"}],"author":[{"embeddable":true,"href":"https:\/\/agora.xtec.cat\/esc-renaixencahostalets\/wp-json\/wp\/v2\/users\/25"}],"replies":[{"embeddable":true,"href":"https:\/\/agora.xtec.cat\/esc-renaixencahostalets\/wp-json\/wp\/v2\/comments?post=5337"}],"version-history":[{"count":3,"href":"https:\/\/agora.xtec.cat\/esc-renaixencahostalets\/wp-json\/wp\/v2\/posts\/5337\/revisions"}],"predecessor-version":[{"id":5383,"href":"https:\/\/agora.xtec.cat\/esc-renaixencahostalets\/wp-json\/wp\/v2\/posts\/5337\/revisions\/5383"}],"wp:attachment":[{"href":"https:\/\/agora.xtec.cat\/esc-renaixencahostalets\/wp-json\/wp\/v2\/media?parent=5337"}],"wp:term":[{"taxonomy":"category","embeddable":true,"href":"https:\/\/agora.xtec.cat\/esc-renaixencahostalets\/wp-json\/wp\/v2\/categories?post=5337"},{"taxonomy":"post_tag","embeddable":true,"href":"https:\/\/agora.xtec.cat\/esc-renaixencahostalets\/wp-json\/wp\/v2\/tags?post=5337"}],"curies":[{"name":"wp","href":"https:\/\/api.w.org\/{rel}","templated":true}]}}