{"id":5332,"date":"2019-05-07T12:24:49","date_gmt":"2019-05-07T10:24:49","guid":{"rendered":"http:\/\/agora.xtec.cat\/esc-renaixencahostalets\/?p=5332"},"modified":"2019-05-07T12:24:49","modified_gmt":"2019-05-07T10:24:49","slug":"reptes-explicacions","status":"publish","type":"post","link":"https:\/\/agora.xtec.cat\/esc-renaixencahostalets\/blog-de-curs\/3r\/reptes-explicacions\/","title":{"rendered":"Reptes (explicacions)"},"content":{"rendered":"<p>Hola som 3r A. Tots els dijous per la tarda fem reptes. Hi ha 13 reptes en total. Quim, Alejandro, Ivan i Adri\u00e0<\/p>\n<hr \/>\n<p>Hola fam\u00edlies. Som la Carla, l&#8217;Arnau, la Sara i la Patricia. Ara us explicarem el nostre repte. Un repte \u00e9s una pregunta com per exemple, &#8220;Com podem saber que somiem?&#8221; o b\u00e9 &#8220;Inventem un joc de taula&#8221;. El nostre repte \u00e9s &#8220;Com podem fer feli\u00e7 a m\u00e9s gent?&#8221;. Estem responent preguntes que ens est\u00e0 fent el nostre repte i despr\u00e9s ja el desenvoluparem. Hem anat a fer una enquesta a les diferents classes per saber\u00a0 si els adults els fan feli\u00e7 les mateixes coses que als nens.<\/p>\n<hr \/>\n<p>Hola, Som el V\u00edctor C, La Foix, el Isaac i la Sandra. El nostre repte es diu &#8220;Inventem un joc de taula&#8221; i els dijous fem el repte. Cada grup de la classe fa un repte i ho han de fer junts. El repte per exemple&#8221; Qu\u00e8 va primer, el llamp o el tro?&#8221; un repte \u00e9s una pregunta que has de buscar la resposta. Cada 5 dijous canviem de grup. Hi ha 13 reptes per\u00f2 n&#8217;hi havia 16 i n&#8217;hem anat traient. N&#8217;hem escollit dels que quedaven.<\/p>\n<hr \/>\n<p>Hola fam\u00edlies, ens diem, Mohamed, Daniela i Mateo i us explicarem que \u00e9s un repte. Per exemple&#8221; Podriem fer una can\u00e7\u00f3 sense la lletra o&#8221; \u00c9s molt dif\u00edcil per\u00f2 ho podem fer. Estem fent la lletra perqu\u00e8 ja hem fet el ritme. Un repte \u00e9s una pregunta que nosaltres la hem de respondre en 4 sessions.<\/p>\n<hr \/>\n<p>Hola fam\u00edlies, som el grup de la Berta, el V\u00edctor R i el Hugo. Nosaltres a reptes estem fent un powerpoint, buscant informaci\u00f3 sobre &#8220;Qu\u00e8 \u00e9s primer el llamp o el tro&#8221;. Esperem que us hagi agradat. Ad\u00e9u fam\u00edlies.<\/p>\n<hr \/>\n<p>Avui us explicarem com treballem els reptes. Nosaltres ara ens estem fent fent una pregunta &#8220;Que passaria si fos tot gratis?&#8221; Aquesta \u00e9s una de les preguntes. Aina i Alexandre<\/p>\n<hr \/>\n<p>Hola som el Pol, el Danil, l&#8217;Ian i el Roger. El nostre repte \u00e9s &#8220;Qu\u00e8 passaria si desapareixes la Lluna?&#8221; El Pol creu que sens la Lluna les onades del mar arrosegarien les tortugues terrestres i es moririen per les onades del mar. L&#8217;Ian creu que si desapareixes la Lluna, les estrelles es veurien millor ien general creiem que hi hauria tornados al mar.<\/p>\n","protected":false},"excerpt":{"rendered":"<p>Hola som 3r A. Tots els dijous per la tarda fem reptes. Hi ha 13 reptes en total. Quim, Alejandro, Ivan i Adri\u00e0<\/p>\n<p>Hola fam\u00edlies. Som la Carla, l&#8217;Arnau, la Sara i la Patricia. Ara us explicarem el nostre repte. Un repte \u00e9s una pregunta com&hellip;  <a href=\"https:\/\/agora.xtec.cat\/esc-renaixencahostalets\/blog-de-curs\/3r\/reptes-explicacions\/\" title=\"Read Reptes (explicacions)\">Llegeix m\u00e9s\u00bb<\/a><\/p>\n","protected":false},"author":40,"featured_media":0,"comment_status":"open","ping_status":"closed","sticky":false,"template":"","format":"standard","meta":{"_bbp_topic_count":0,"_bbp_reply_count":0,"_bbp_total_topic_count":0,"_bbp_total_reply_count":0,"_bbp_voice_count":0,"_bbp_anonymous_reply_count":0,"_bbp_topic_count_hidden":0,"_bbp_reply_count_hidden":0,"_bbp_forum_subforum_count":0,"footnotes":""},"categories":[12],"tags":[],"class_list":["post-5332","post","type-post","status-publish","format-standard","hentry","category-3r"],"post_mailing_queue_ids":[],"_links":{"self":[{"href":"https:\/\/agora.xtec.cat\/esc-renaixencahostalets\/wp-json\/wp\/v2\/posts\/5332","targetHints":{"allow":["GET"]}}],"collection":[{"href":"https:\/\/agora.xtec.cat\/esc-renaixencahostalets\/wp-json\/wp\/v2\/posts"}],"about":[{"href":"https:\/\/agora.xtec.cat\/esc-renaixencahostalets\/wp-json\/wp\/v2\/types\/post"}],"author":[{"embeddable":true,"href":"https:\/\/agora.xtec.cat\/esc-renaixencahostalets\/wp-json\/wp\/v2\/users\/40"}],"replies":[{"embeddable":true,"href":"https:\/\/agora.xtec.cat\/esc-renaixencahostalets\/wp-json\/wp\/v2\/comments?post=5332"}],"version-history":[{"count":1,"href":"https:\/\/agora.xtec.cat\/esc-renaixencahostalets\/wp-json\/wp\/v2\/posts\/5332\/revisions"}],"predecessor-version":[{"id":5333,"href":"https:\/\/agora.xtec.cat\/esc-renaixencahostalets\/wp-json\/wp\/v2\/posts\/5332\/revisions\/5333"}],"wp:attachment":[{"href":"https:\/\/agora.xtec.cat\/esc-renaixencahostalets\/wp-json\/wp\/v2\/media?parent=5332"}],"wp:term":[{"taxonomy":"category","embeddable":true,"href":"https:\/\/agora.xtec.cat\/esc-renaixencahostalets\/wp-json\/wp\/v2\/categories?post=5332"},{"taxonomy":"post_tag","embeddable":true,"href":"https:\/\/agora.xtec.cat\/esc-renaixencahostalets\/wp-json\/wp\/v2\/tags?post=5332"}],"curies":[{"name":"wp","href":"https:\/\/api.w.org\/{rel}","templated":true}]}}