{"id":5322,"date":"2019-04-25T14:55:00","date_gmt":"2019-04-25T12:55:00","guid":{"rendered":"http:\/\/agora.xtec.cat\/esc-renaixencahostalets\/?p=5322"},"modified":"2019-04-25T14:55:47","modified_gmt":"2019-04-25T12:55:47","slug":"projecte-nou-el-canvi-climatic","status":"publish","type":"post","link":"https:\/\/agora.xtec.cat\/esc-renaixencahostalets\/general\/projecte-nou-el-canvi-climatic\/","title":{"rendered":"Projecte nou: El canvi clim\u00e0tic"},"content":{"rendered":"<p style=\"text-align: left;\">Avui els de 3r hem comen\u00e7at la nostra xarxa de conceptes del nou projecte. Ahir vam veure un <a href=\"https:\/\/www.youtube.com\/watch?v=Z1znxp8b65E&amp;feature=youtu.be\">v\u00eddeo de la Greta Thunberg<\/a> diverses vegades i la \u00faltima vam prendre apunts individualment de les idees principals. Avui cada equip ha tingut 10 minuts per posar en com\u00fa els seus apunts, buscar els conceptes clau i anotar-los en p\u00f2stits. Despr\u00e9s, a partir del concepte m\u00e9s important hem anat afegint i relacionant els altres conceptes.<br \/>\nN&#8217;estem molt orgullosos! Voleu veure el resultat i la nostra explicaci\u00f3? <a href=\"http:\/\/agora.xtec.cat\/esc-renaixencahostalets\/fotos\/fotos-3r\/\">Aqu\u00ed<\/a> la trobareu a 3r com\u00fa amb el nom de comen\u00e7ant la xarxa de conceptes.<\/p>\n<p style=\"text-align: center;\"><iframe loading=\"lazy\" src=\"https:\/\/drive.google.com\/file\/d\/1uKqqE8KafI6xGAzCBZRWW2TTbZSlw-rX\/preview\" width=\"640\" height=\"480\"><\/iframe><\/p>\n","protected":false},"excerpt":{"rendered":"<p>Avui els de 3r hem comen\u00e7at la nostra xarxa de conceptes del nou projecte. Ahir vam veure un <a href=\"https:\/\/www.youtube.com\/watch?v=Z1znxp8b65E&amp;feature=youtu.be\">v\u00eddeo de la Greta Thunberg<\/a> diverses vegades i la \u00faltima vam prendre apunts individualment de les idees principals. Avui cada equip ha tingut 10 minuts per&hellip;  <a href=\"https:\/\/agora.xtec.cat\/esc-renaixencahostalets\/general\/projecte-nou-el-canvi-climatic\/\" title=\"Read Projecte nou: El canvi clim\u00e0tic\">Llegeix m\u00e9s\u00bb<\/a><\/p>\n","protected":false},"author":11,"featured_media":0,"comment_status":"open","ping_status":"closed","sticky":false,"template":"","format":"standard","meta":{"_bbp_topic_count":0,"_bbp_reply_count":0,"_bbp_total_topic_count":0,"_bbp_total_reply_count":0,"_bbp_voice_count":0,"_bbp_anonymous_reply_count":0,"_bbp_topic_count_hidden":0,"_bbp_reply_count_hidden":0,"_bbp_forum_subforum_count":0,"footnotes":""},"categories":[12,1],"tags":[],"class_list":["post-5322","post","type-post","status-publish","format-standard","hentry","category-3r","category-general"],"post_mailing_queue_ids":[],"_links":{"self":[{"href":"https:\/\/agora.xtec.cat\/esc-renaixencahostalets\/wp-json\/wp\/v2\/posts\/5322","targetHints":{"allow":["GET"]}}],"collection":[{"href":"https:\/\/agora.xtec.cat\/esc-renaixencahostalets\/wp-json\/wp\/v2\/posts"}],"about":[{"href":"https:\/\/agora.xtec.cat\/esc-renaixencahostalets\/wp-json\/wp\/v2\/types\/post"}],"author":[{"embeddable":true,"href":"https:\/\/agora.xtec.cat\/esc-renaixencahostalets\/wp-json\/wp\/v2\/users\/11"}],"replies":[{"embeddable":true,"href":"https:\/\/agora.xtec.cat\/esc-renaixencahostalets\/wp-json\/wp\/v2\/comments?post=5322"}],"version-history":[{"count":3,"href":"https:\/\/agora.xtec.cat\/esc-renaixencahostalets\/wp-json\/wp\/v2\/posts\/5322\/revisions"}],"predecessor-version":[{"id":5331,"href":"https:\/\/agora.xtec.cat\/esc-renaixencahostalets\/wp-json\/wp\/v2\/posts\/5322\/revisions\/5331"}],"wp:attachment":[{"href":"https:\/\/agora.xtec.cat\/esc-renaixencahostalets\/wp-json\/wp\/v2\/media?parent=5322"}],"wp:term":[{"taxonomy":"category","embeddable":true,"href":"https:\/\/agora.xtec.cat\/esc-renaixencahostalets\/wp-json\/wp\/v2\/categories?post=5322"},{"taxonomy":"post_tag","embeddable":true,"href":"https:\/\/agora.xtec.cat\/esc-renaixencahostalets\/wp-json\/wp\/v2\/tags?post=5322"}],"curies":[{"name":"wp","href":"https:\/\/api.w.org\/{rel}","templated":true}]}}