{"id":5270,"date":"2019-04-12T13:00:01","date_gmt":"2019-04-12T11:00:01","guid":{"rendered":"http:\/\/agora.xtec.cat\/esc-renaixencahostalets\/?p=5270"},"modified":"2019-04-10T11:56:50","modified_gmt":"2019-04-10T09:56:50","slug":"mini-representacions-edat-mitjana","status":"publish","type":"post","link":"https:\/\/agora.xtec.cat\/esc-renaixencahostalets\/general\/mini-representacions-edat-mitjana\/","title":{"rendered":"Mini representacions Edat Mitjana"},"content":{"rendered":"<p>Hola fam\u00edlies!<\/p>\n<p>Dins del projecte de l&#8217;Edat Mitjana hem elaborat uns di\u00e0legs per parelles convertint-nos en personatges de l&#8217;\u00e8poca, per despr\u00e9s fer les mini representacions teatrals.<\/p>\n<p>Aqu\u00ed en podeu veure algunes <a href=\"http:\/\/agora.xtec.cat\/esc-renaixencahostalets\/fotos-4t\/\">imatges<\/a>&#8230;<\/p>\n<p>Ens ho hem passat molt b\u00e9!<\/p>\n","protected":false},"excerpt":{"rendered":"<p>Hola fam\u00edlies!<br \/>\nDins del projecte de l&#8217;Edat Mitjana hem elaborat uns di\u00e0legs per parelles convertint-nos en personatges de l&#8217;\u00e8poca, per despr\u00e9s fer les mini representacions teatrals.<br \/>\nAqu\u00ed en podeu veure algunes <a href=\"http:\/\/agora.xtec.cat\/esc-renaixencahostalets\/fotos-4t\/\">imatges<\/a>&#8230;<br \/>\nEns ho hem passat molt b\u00e9!<\/p>\n","protected":false},"author":13,"featured_media":0,"comment_status":"open","ping_status":"closed","sticky":false,"template":"","format":"standard","meta":{"_bbp_topic_count":0,"_bbp_reply_count":0,"_bbp_total_topic_count":0,"_bbp_total_reply_count":0,"_bbp_voice_count":0,"_bbp_anonymous_reply_count":0,"_bbp_topic_count_hidden":0,"_bbp_reply_count_hidden":0,"_bbp_forum_subforum_count":0,"footnotes":""},"categories":[1],"tags":[],"class_list":["post-5270","post","type-post","status-publish","format-standard","hentry","category-general"],"post_mailing_queue_ids":[],"_links":{"self":[{"href":"https:\/\/agora.xtec.cat\/esc-renaixencahostalets\/wp-json\/wp\/v2\/posts\/5270","targetHints":{"allow":["GET"]}}],"collection":[{"href":"https:\/\/agora.xtec.cat\/esc-renaixencahostalets\/wp-json\/wp\/v2\/posts"}],"about":[{"href":"https:\/\/agora.xtec.cat\/esc-renaixencahostalets\/wp-json\/wp\/v2\/types\/post"}],"author":[{"embeddable":true,"href":"https:\/\/agora.xtec.cat\/esc-renaixencahostalets\/wp-json\/wp\/v2\/users\/13"}],"replies":[{"embeddable":true,"href":"https:\/\/agora.xtec.cat\/esc-renaixencahostalets\/wp-json\/wp\/v2\/comments?post=5270"}],"version-history":[{"count":1,"href":"https:\/\/agora.xtec.cat\/esc-renaixencahostalets\/wp-json\/wp\/v2\/posts\/5270\/revisions"}],"predecessor-version":[{"id":5271,"href":"https:\/\/agora.xtec.cat\/esc-renaixencahostalets\/wp-json\/wp\/v2\/posts\/5270\/revisions\/5271"}],"wp:attachment":[{"href":"https:\/\/agora.xtec.cat\/esc-renaixencahostalets\/wp-json\/wp\/v2\/media?parent=5270"}],"wp:term":[{"taxonomy":"category","embeddable":true,"href":"https:\/\/agora.xtec.cat\/esc-renaixencahostalets\/wp-json\/wp\/v2\/categories?post=5270"},{"taxonomy":"post_tag","embeddable":true,"href":"https:\/\/agora.xtec.cat\/esc-renaixencahostalets\/wp-json\/wp\/v2\/tags?post=5270"}],"curies":[{"name":"wp","href":"https:\/\/api.w.org\/{rel}","templated":true}]}}