{"id":5032,"date":"2019-03-18T18:22:39","date_gmt":"2019-03-18T17:22:39","guid":{"rendered":"http:\/\/agora.xtec.cat\/esc-renaixencahostalets\/?p=5032"},"modified":"2019-03-22T11:55:29","modified_gmt":"2019-03-22T10:55:29","slug":"preinscripcio-2019-2020","status":"publish","type":"post","link":"https:\/\/agora.xtec.cat\/esc-renaixencahostalets\/general\/preinscripcio-2019-2020\/","title":{"rendered":"Preinscripci\u00f3 2019-2020"},"content":{"rendered":"<p><a href=\"https:\/\/agora.xtec.cat\/esc-renaixencahostalets\/wp-content\/uploads\/usu1823\/2019\/03\/banner-preinscripcio2019-2020.png\"><img loading=\"lazy\" decoding=\"async\" class=\"alignnone size-large wp-image-5033\" src=\"https:\/\/agora.xtec.cat\/esc-renaixencahostalets\/wp-content\/uploads\/usu1823\/2019\/03\/banner-preinscripcio2019-2020-1024x100.png\" alt=\"\" width=\"1024\" height=\"100\" srcset=\"https:\/\/agora.xtec.cat\/esc-renaixencahostalets\/wp-content\/uploads\/usu1823\/2019\/03\/banner-preinscripcio2019-2020-1024x100.png 1024w, https:\/\/agora.xtec.cat\/esc-renaixencahostalets\/wp-content\/uploads\/usu1823\/2019\/03\/banner-preinscripcio2019-2020-300x29.png 300w, https:\/\/agora.xtec.cat\/esc-renaixencahostalets\/wp-content\/uploads\/usu1823\/2019\/03\/banner-preinscripcio2019-2020-768x75.png 768w, https:\/\/agora.xtec.cat\/esc-renaixencahostalets\/wp-content\/uploads\/usu1823\/2019\/03\/banner-preinscripcio2019-2020.png 1140w\" sizes=\"auto, (max-width: 1024px) 100vw, 1024px\" \/><\/a>El calendari de preinscripci\u00f3 per al curs 2019-2020 \u00e9s del 29 de mar\u00e7 al 9 d&#8217;abril, ambd\u00f3s inclosos. Per a formalitzar la preinscripci\u00f3 caldr\u00e0 trucar per demanar cita pr\u00e8via amb Secretaria. Aqu\u00ed podeu trobar la <a href=\"https:\/\/agora.xtec.cat\/esc-renaixencahostalets\/wp-content\/uploads\/usu1823\/2019\/03\/Sol\u2022licitud-de-preinscripci\u00f3.pdf\">Sol\u2022licitud de preinscripci\u00f3.<\/a><\/p>\n<p>&nbsp;<\/p>\n<p>&nbsp;<\/p>\n<p>&nbsp;<\/p>\n","protected":false},"excerpt":{"rendered":"<p><a href=\"https:\/\/agora.xtec.cat\/esc-renaixencahostalets\/wp-content\/uploads\/usu1823\/2019\/03\/banner-preinscripcio2019-2020.png\"><\/a>El calendari de preinscripci\u00f3 per al curs 2019-2020 \u00e9s del 29 de mar\u00e7 al 9 d&#8217;abril, ambd\u00f3s inclosos. Per a formalitzar la preinscripci\u00f3 caldr\u00e0 trucar per demanar cita pr\u00e8via amb Secretaria. Aqu\u00ed podeu trobar la <a href=\"https:\/\/agora.xtec.cat\/esc-renaixencahostalets\/wp-content\/uploads\/usu1823\/2019\/03\/Sol\u2022licitud-de-preinscripci\u00f3.pdf\">Sol\u2022licitud de preinscripci\u00f3.<\/a><br \/>\n&nbsp;<br \/>\n&nbsp;<br \/>\n&nbsp;<\/p>\n","protected":false},"author":1,"featured_media":0,"comment_status":"open","ping_status":"closed","sticky":false,"template":"","format":"standard","meta":{"_bbp_topic_count":0,"_bbp_reply_count":0,"_bbp_total_topic_count":0,"_bbp_total_reply_count":0,"_bbp_voice_count":0,"_bbp_anonymous_reply_count":0,"_bbp_topic_count_hidden":0,"_bbp_reply_count_hidden":0,"_bbp_forum_subforum_count":0,"footnotes":""},"categories":[1,105],"tags":[],"class_list":["post-5032","post","type-post","status-publish","format-standard","hentry","category-general","category-preinscripcions"],"post_mailing_queue_ids":[],"_links":{"self":[{"href":"https:\/\/agora.xtec.cat\/esc-renaixencahostalets\/wp-json\/wp\/v2\/posts\/5032","targetHints":{"allow":["GET"]}}],"collection":[{"href":"https:\/\/agora.xtec.cat\/esc-renaixencahostalets\/wp-json\/wp\/v2\/posts"}],"about":[{"href":"https:\/\/agora.xtec.cat\/esc-renaixencahostalets\/wp-json\/wp\/v2\/types\/post"}],"author":[{"embeddable":true,"href":"https:\/\/agora.xtec.cat\/esc-renaixencahostalets\/wp-json\/wp\/v2\/users\/1"}],"replies":[{"embeddable":true,"href":"https:\/\/agora.xtec.cat\/esc-renaixencahostalets\/wp-json\/wp\/v2\/comments?post=5032"}],"version-history":[{"count":2,"href":"https:\/\/agora.xtec.cat\/esc-renaixencahostalets\/wp-json\/wp\/v2\/posts\/5032\/revisions"}],"predecessor-version":[{"id":5145,"href":"https:\/\/agora.xtec.cat\/esc-renaixencahostalets\/wp-json\/wp\/v2\/posts\/5032\/revisions\/5145"}],"wp:attachment":[{"href":"https:\/\/agora.xtec.cat\/esc-renaixencahostalets\/wp-json\/wp\/v2\/media?parent=5032"}],"wp:term":[{"taxonomy":"category","embeddable":true,"href":"https:\/\/agora.xtec.cat\/esc-renaixencahostalets\/wp-json\/wp\/v2\/categories?post=5032"},{"taxonomy":"post_tag","embeddable":true,"href":"https:\/\/agora.xtec.cat\/esc-renaixencahostalets\/wp-json\/wp\/v2\/tags?post=5032"}],"curies":[{"name":"wp","href":"https:\/\/api.w.org\/{rel}","templated":true}]}}