{"id":5025,"date":"2019-03-15T09:31:27","date_gmt":"2019-03-15T08:31:27","guid":{"rendered":"http:\/\/agora.xtec.cat\/esc-renaixencahostalets\/?p=5025"},"modified":"2019-03-15T09:34:19","modified_gmt":"2019-03-15T08:34:19","slug":"els-alumnes-protagonistes-del-canvi-educatiu","status":"publish","type":"post","link":"https:\/\/agora.xtec.cat\/esc-renaixencahostalets\/general\/els-alumnes-protagonistes-del-canvi-educatiu\/","title":{"rendered":"Els alumnes: protagonistes del canvi educatiu"},"content":{"rendered":"<p>L&#8217;equip d&#8217;Escola Nova 21 ha preparat un <a href=\"https:\/\/www.youtube.com\/watch?v=JLVI174fRMg&amp;feature=youtu.be\">v\u00eddeo<\/a> divulgatiu sobre la participaci\u00f3 dels infants en el proc\u00e9s de canvi de l&#8217;escola. En aquest v\u00eddeo els alumnes de la nostra escola en s\u00f3n els protagonistes i il\u00b7lustren com es realitza aquest proc\u00e9s de reflexi\u00f3 i debat que ha de facilitar el canvi educatiu.<\/p>\n","protected":false},"excerpt":{"rendered":"<p>L&#8217;equip d&#8217;Escola Nova 21 ha preparat un <a href=\"https:\/\/www.youtube.com\/watch?v=JLVI174fRMg&amp;feature=youtu.be\">v\u00eddeo<\/a> divulgatiu sobre la participaci\u00f3 dels infants en el proc\u00e9s de canvi de l&#8217;escola. En aquest v\u00eddeo els alumnes de la nostra escola en s\u00f3n els protagonistes i il\u00b7lustren com es realitza aquest proc\u00e9s de reflexi\u00f3 i&hellip;  <a href=\"https:\/\/agora.xtec.cat\/esc-renaixencahostalets\/general\/els-alumnes-protagonistes-del-canvi-educatiu\/\" title=\"Read Els alumnes: protagonistes del canvi educatiu\">Llegeix m\u00e9s\u00bb<\/a><\/p>\n","protected":false},"author":1,"featured_media":5026,"comment_status":"open","ping_status":"closed","sticky":false,"template":"","format":"standard","meta":{"_bbp_topic_count":0,"_bbp_reply_count":0,"_bbp_total_topic_count":0,"_bbp_total_reply_count":0,"_bbp_voice_count":0,"_bbp_anonymous_reply_count":0,"_bbp_topic_count_hidden":0,"_bbp_reply_count_hidden":0,"_bbp_forum_subforum_count":0,"footnotes":""},"categories":[113,1],"tags":[],"class_list":["post-5025","post","type-post","status-publish","format-standard","has-post-thumbnail","hentry","category-en21","category-general"],"post_mailing_queue_ids":[],"_links":{"self":[{"href":"https:\/\/agora.xtec.cat\/esc-renaixencahostalets\/wp-json\/wp\/v2\/posts\/5025","targetHints":{"allow":["GET"]}}],"collection":[{"href":"https:\/\/agora.xtec.cat\/esc-renaixencahostalets\/wp-json\/wp\/v2\/posts"}],"about":[{"href":"https:\/\/agora.xtec.cat\/esc-renaixencahostalets\/wp-json\/wp\/v2\/types\/post"}],"author":[{"embeddable":true,"href":"https:\/\/agora.xtec.cat\/esc-renaixencahostalets\/wp-json\/wp\/v2\/users\/1"}],"replies":[{"embeddable":true,"href":"https:\/\/agora.xtec.cat\/esc-renaixencahostalets\/wp-json\/wp\/v2\/comments?post=5025"}],"version-history":[{"count":1,"href":"https:\/\/agora.xtec.cat\/esc-renaixencahostalets\/wp-json\/wp\/v2\/posts\/5025\/revisions"}],"predecessor-version":[{"id":5027,"href":"https:\/\/agora.xtec.cat\/esc-renaixencahostalets\/wp-json\/wp\/v2\/posts\/5025\/revisions\/5027"}],"wp:featuredmedia":[{"embeddable":true,"href":"https:\/\/agora.xtec.cat\/esc-renaixencahostalets\/wp-json\/wp\/v2\/media\/5026"}],"wp:attachment":[{"href":"https:\/\/agora.xtec.cat\/esc-renaixencahostalets\/wp-json\/wp\/v2\/media?parent=5025"}],"wp:term":[{"taxonomy":"category","embeddable":true,"href":"https:\/\/agora.xtec.cat\/esc-renaixencahostalets\/wp-json\/wp\/v2\/categories?post=5025"},{"taxonomy":"post_tag","embeddable":true,"href":"https:\/\/agora.xtec.cat\/esc-renaixencahostalets\/wp-json\/wp\/v2\/tags?post=5025"}],"curies":[{"name":"wp","href":"https:\/\/api.w.org\/{rel}","templated":true}]}}