{"id":5000,"date":"2019-03-13T09:03:57","date_gmt":"2019-03-13T08:03:57","guid":{"rendered":"http:\/\/agora.xtec.cat\/esc-renaixencahostalets\/?p=5000"},"modified":"2019-03-15T09:32:58","modified_gmt":"2019-03-15T08:32:58","slug":"estrenem-lespai-dexposicio","status":"publish","type":"post","link":"https:\/\/agora.xtec.cat\/esc-renaixencahostalets\/general\/estrenem-lespai-dexposicio\/","title":{"rendered":"Estrenem l&#8217;espai d&#8217;exposici\u00f3"},"content":{"rendered":"<blockquote><p>Hola fam\u00edlies!<\/p><\/blockquote>\n<p>Som 3r. Cicle mitj\u00e0 tenim un nou espai d&#8217;exposici\u00f3 a l&#8217;escola. El compartim amb cicle superior. Tindrem unes taules i un suro on hi podrem mostrar les nostres obres. L&#8217;estrenarem 3r amb l&#8217;exposici\u00f3 de les nostres m\u00e0quines e\u00f2liques. Les hem fet a projecte de nivell.<br \/>\nPer si no podeu venir a la exposici\u00f3, us deixem <a href=\"https:\/\/drive.google.com\/drive\/folders\/1KUn229zVgb9LAC0Ra91WfoCTr7DrwTif?usp=sharing\">aqu\u00ed<\/a> unes fotos de les nostres m\u00e0quines e\u00f2liques.<br \/>\nAd\u00e9u! Esperem que us hagi agradat aquest article!<\/p>\n<p>&nbsp;<\/p>\n","protected":false},"excerpt":{"rendered":"<p>Hola fam\u00edlies!<br \/>\nSom 3r. Cicle mitj\u00e0 tenim un nou espai d&#8217;exposici\u00f3 a l&#8217;escola. El compartim amb cicle superior. Tindrem unes taules i un suro on hi podrem mostrar les nostres obres. L&#8217;estrenarem 3r amb l&#8217;exposici\u00f3 de les nostres m\u00e0quines e\u00f2liques. Les hem fet a projecte de&hellip;  <a href=\"https:\/\/agora.xtec.cat\/esc-renaixencahostalets\/general\/estrenem-lespai-dexposicio\/\" title=\"Read Estrenem l&#8217;espai d&#8217;exposici\u00f3\">Llegeix m\u00e9s\u00bb<\/a><\/p>\n","protected":false},"author":40,"featured_media":0,"comment_status":"open","ping_status":"closed","sticky":false,"template":"","format":"standard","meta":{"_bbp_topic_count":0,"_bbp_reply_count":0,"_bbp_total_topic_count":0,"_bbp_total_reply_count":0,"_bbp_voice_count":0,"_bbp_anonymous_reply_count":0,"_bbp_topic_count_hidden":0,"_bbp_reply_count_hidden":0,"_bbp_forum_subforum_count":0,"footnotes":""},"categories":[12,1],"tags":[],"class_list":["post-5000","post","type-post","status-publish","format-standard","hentry","category-3r","category-general"],"post_mailing_queue_ids":[],"_links":{"self":[{"href":"https:\/\/agora.xtec.cat\/esc-renaixencahostalets\/wp-json\/wp\/v2\/posts\/5000","targetHints":{"allow":["GET"]}}],"collection":[{"href":"https:\/\/agora.xtec.cat\/esc-renaixencahostalets\/wp-json\/wp\/v2\/posts"}],"about":[{"href":"https:\/\/agora.xtec.cat\/esc-renaixencahostalets\/wp-json\/wp\/v2\/types\/post"}],"author":[{"embeddable":true,"href":"https:\/\/agora.xtec.cat\/esc-renaixencahostalets\/wp-json\/wp\/v2\/users\/40"}],"replies":[{"embeddable":true,"href":"https:\/\/agora.xtec.cat\/esc-renaixencahostalets\/wp-json\/wp\/v2\/comments?post=5000"}],"version-history":[{"count":3,"href":"https:\/\/agora.xtec.cat\/esc-renaixencahostalets\/wp-json\/wp\/v2\/posts\/5000\/revisions"}],"predecessor-version":[{"id":5028,"href":"https:\/\/agora.xtec.cat\/esc-renaixencahostalets\/wp-json\/wp\/v2\/posts\/5000\/revisions\/5028"}],"wp:attachment":[{"href":"https:\/\/agora.xtec.cat\/esc-renaixencahostalets\/wp-json\/wp\/v2\/media?parent=5000"}],"wp:term":[{"taxonomy":"category","embeddable":true,"href":"https:\/\/agora.xtec.cat\/esc-renaixencahostalets\/wp-json\/wp\/v2\/categories?post=5000"},{"taxonomy":"post_tag","embeddable":true,"href":"https:\/\/agora.xtec.cat\/esc-renaixencahostalets\/wp-json\/wp\/v2\/tags?post=5000"}],"curies":[{"name":"wp","href":"https:\/\/api.w.org\/{rel}","templated":true}]}}