{"id":4760,"date":"2018-12-18T19:33:36","date_gmt":"2018-12-18T18:33:36","guid":{"rendered":"http:\/\/agora.xtec.cat\/esc-renaixencahostalets\/?p=4760"},"modified":"2018-12-19T09:46:37","modified_gmt":"2018-12-19T08:46:37","slug":"padrins-i-fillols","status":"publish","type":"post","link":"https:\/\/agora.xtec.cat\/esc-renaixencahostalets\/general\/padrins-i-fillols\/","title":{"rendered":"Padrins i fillols"},"content":{"rendered":"<p><span style=\"font-weight: 400;\">Aqu\u00ed teniu unes <a href=\"http:\/\/agora.xtec.cat\/esc-renaixencahostalets\/fotos\/fotos-4t\/\">fotos<\/a> de padrins i fillols.<\/span><\/p>\n<p><span style=\"font-weight: 400;\">Qu\u00e8 fem a padrins i fillols? Padrins i fillols \u00e9s una activitat per relacionar-nos amb nens d&#8217;altres cursos. De primer a tercer s\u00f3n fillols i a partir de 4t s\u00f3n padrins fins a 6\u00e8. Normalment fem lectura per\u00f2 a vegades juguem, tamb\u00e9 fem una manualitat, una cosa t\u00edpica del mes, per exemple: una manualitat de Nadal, de la tardor, un dibuix compartit&#8230; Sempre quedem un dia a la setmana.<br \/>\n<\/span><span style=\"font-weight: 400;\">Aquests s\u00f3n els padrins i fillols de 4t i 1r<\/span><\/p>\n<p><span style=\"font-weight: 400;\">4tb \u00a0\u00a0\u00a0\u00a0\u00a0\u00a0\u00a0\u00a0\u00a0\u00a0\u00a0\u00a0\u00a0\u00a0\u00a0\u00a0\u00a0\u00a0\u00a0\u00a0\u00a0\u00a0\u00a0\u00a0\u00a0\u00a0\u00a0\u00a0\u00a0\u00a0\u00a0\u00a0\u00a0\u00a0\u00a0\u00a0\u00a0\u00a0\u00a0\u00a0\u00a0\u00a0\u00a0\u00a0\u00a0\u00a0\u00a0\u00a0\u00a0\u00a0\u00a0\u00a0\u00a0\u00a0\u00a0\u00a0\u00a0\u00a0\u00a0\u00a0\u00a0\u00a0\u00a0\u00a0\u00a0\u00a0\u00a0\u00a0\u00a0\u00a0\u00a0\u00a0\u00a0\u00a0\u00a0\u00a0\u00a0\u00a0\u00a04ta<\/span><\/p>\n<p><span style=\"font-weight: 400;\">Jon Bou &#8211; Vega \u00a0\u00a0\u00a0\u00a0\u00a0\u00a0\u00a0\u00a0\u00a0\u00a0\u00a0\u00a0\u00a0\u00a0\u00a0\u00a0\u00a0\u00a0\u00a0\u00a0\u00a0\u00a0\u00a0\u00a0\u00a0\u00a0\u00a0\u00a0\u00a0\u00a0\u00a0\u00a0\u00a0\u00a0\u00a0\u00a0\u00a0\u00a0\u00a0\u00a0\u00a0\u00a0\u00a0\u00a0\u00a0\u00a0\u00a0\u00a0\u00a0\u00a0\u00a0\u00a0\u00a0\u00a0\u00a0Elena &#8211; Adria\/Max<br \/>\n<\/span><span style=\"font-weight: 400;\">Abril Campos &#8211; Joan\/Ivet \u00a0\u00a0\u00a0\u00a0\u00a0\u00a0\u00a0\u00a0\u00a0\u00a0\u00a0\u00a0\u00a0\u00a0\u00a0\u00a0\u00a0\u00a0\u00a0\u00a0\u00a0\u00a0\u00a0\u00a0\u00a0\u00a0\u00a0\u00a0\u00a0\u00a0\u00a0\u00a0\u00a0\u00a0\u00a0\u00a0\u00a0\u00a0\u00a0\u00a0\u00a0\u00a0\u00a0Sandra &#8211; Alba<br \/>\n<\/span><span style=\"font-weight: 400;\">Meritxell Camps &#8211; Lucas\/Aya \u00a0\u00a0\u00a0\u00a0\u00a0\u00a0\u00a0\u00a0\u00a0\u00a0\u00a0\u00a0\u00a0\u00a0\u00a0\u00a0\u00a0\u00a0\u00a0\u00a0\u00a0\u00a0\u00a0\u00a0\u00a0\u00a0\u00a0\u00a0\u00a0\u00a0\u00a0\u00a0\u00a0\u00a0\u00a0\u00a0Marc &#8211; Leo\/Adam<br \/>\n<\/span><span style=\"font-weight: 400;\">Rayan el Amni &#8211; \u00a0M\u00aaJos\u00e9\u00a0 \u00a0 \u00a0 \u00a0 \u00a0 \u00a0 \u00a0 \u00a0 \u00a0 \u00a0 \u00a0 \u00a0 \u00a0 \u00a0 \u00a0 \u00a0 \u00a0 \u00a0 \u00a0 \u00a0 \u00a0 \u00a0Emma &#8211; Gregorio\/Izan<br \/>\n<\/span><span style=\"font-weight: 400;\">Marc Exp\u00f3sito &#8211; Marc\/Nico \u00a0\u00a0\u00a0\u00a0\u00a0\u00a0\u00a0\u00a0\u00a0\u00a0\u00a0\u00a0\u00a0\u00a0\u00a0\u00a0\u00a0\u00a0\u00a0\u00a0\u00a0\u00a0\u00a0\u00a0\u00a0\u00a0\u00a0\u00a0\u00a0\u00a0\u00a0\u00a0\u00a0\u00a0\u00a0\u00a0\u00a0\u00a0\u00a0\u00a0Gabriel &#8211; Joan Lopez<br \/>\n<\/span><span style=\"font-weight: 400;\">Ta\u00fcll Farr\u00e9s &#8211; Erik\/Naiara Su \u00a0\u00a0\u00a0\u00a0\u00a0\u00a0\u00a0\u00a0\u00a0\u00a0\u00a0\u00a0\u00a0\u00a0\u00a0\u00a0\u00a0\u00a0\u00a0\u00a0\u00a0\u00a0\u00a0\u00a0\u00a0\u00a0\u00a0\u00a0\u00a0\u00a0\u00a0\u00a0\u00a0\u00a0\u00a0\u00a0Chloe &#8211; Daniela\/Isaac<br \/>\n<\/span><span style=\"font-weight: 400;\">Joana Forcadell &#8211; Elio\/Oleguer \u00a0\u00a0\u00a0\u00a0\u00a0\u00a0\u00a0\u00a0\u00a0\u00a0\u00a0\u00a0\u00a0\u00a0\u00a0\u00a0\u00a0\u00a0\u00a0\u00a0\u00a0\u00a0\u00a0\u00a0\u00a0\u00a0\u00a0\u00a0\u00a0\u00a0\u00a0\u00a0\u00a0\u00a0Sohayl &#8211; Desire\u00e9<br \/>\nLeire Garcia &#8211; Cristian\/Raquel \u00a0\u00a0\u00a0\u00a0\u00a0\u00a0\u00a0\u00a0\u00a0\u00a0\u00a0\u00a0\u00a0\u00a0\u00a0\u00a0\u00a0\u00a0\u00a0\u00a0\u00a0\u00a0\u00a0\u00a0\u00a0\u00a0\u00a0\u00a0\u00a0\u00a0\u00a0\u00a0\u00a0\u00a0\u00a0Elsa &#8211; Lucia\/Unai<br \/>\nLeo Gisbert &#8211; Naiara Sanz \u00a0\u00a0\u00a0\u00a0\u00a0\u00a0\u00a0\u00a0\u00a0\u00a0\u00a0\u00a0\u00a0\u00a0\u00a0\u00a0\u00a0\u00a0\u00a0\u00a0\u00a0\u00a0\u00a0\u00a0\u00a0\u00a0\u00a0\u00a0\u00a0\u00a0\u00a0\u00a0\u00a0\u00a0\u00a0\u00a0\u00a0\u00a0\u00a0\u00a0\u00a0Laura &#8211; Ivet Dugo<br \/>\n<\/span><span style=\"font-weight: 400;\">Martina Marchena &#8211; Ariadna\/Roc \u00a0\u00a0\u00a0\u00a0\u00a0\u00a0\u00a0\u00a0\u00a0\u00a0\u00a0\u00a0\u00a0\u00a0\u00a0\u00a0\u00a0\u00a0\u00a0\u00a0\u00a0\u00a0\u00a0\u00a0\u00a0\u00a0\u00a0\u00a0\u00a0\u00a0\u00a0Aurora &#8211; Miranda\/Carla<br \/>\n<\/span><span style=\"font-weight: 400;\">Celia Repullo &#8211; \u00c8ric \u00a0\u00a0\u00a0\u00a0\u00a0\u00a0\u00a0\u00a0\u00a0\u00a0\u00a0\u00a0\u00a0\u00a0\u00a0\u00a0\u00a0\u00a0\u00a0\u00a0\u00a0\u00a0\u00a0\u00a0\u00a0\u00a0\u00a0\u00a0\u00a0\u00a0\u00a0\u00a0\u00a0\u00a0\u00a0\u00a0\u00a0\u00a0\u00a0\u00a0\u00a0\u00a0\u00a0\u00a0\u00a0\u00a0\u00a0\u00a0\u00a0 Mario &#8211; Cristian Olmo\/Berta<br \/>\n<\/span><span style=\"font-weight: 400;\">Arian Ribela &#8211; Carles\/David<\/span><\/p>\n<p>Ja anirem publicant noves fotos de les activitats que fem. Ens ho passem molt b\u00e9!<\/p>\n","protected":false},"excerpt":{"rendered":"<p>Aqu\u00ed teniu unes <a href=\"http:\/\/agora.xtec.cat\/esc-renaixencahostalets\/fotos\/fotos-4t\/\">fotos<\/a> de padrins i fillols.<br \/>\nQu\u00e8 fem a padrins i fillols? Padrins i fillols \u00e9s una activitat per relacionar-nos amb nens d&#8217;altres cursos. De primer a tercer s\u00f3n fillols i a partir de 4t s\u00f3n padrins fins a 6\u00e8. Normalment fem lectura&hellip;  <a href=\"https:\/\/agora.xtec.cat\/esc-renaixencahostalets\/general\/padrins-i-fillols\/\" title=\"Read Padrins i fillols\">Llegeix m\u00e9s\u00bb<\/a><\/p>\n","protected":false},"author":13,"featured_media":0,"comment_status":"open","ping_status":"closed","sticky":false,"template":"","format":"standard","meta":{"_bbp_topic_count":0,"_bbp_reply_count":0,"_bbp_total_topic_count":0,"_bbp_total_reply_count":0,"_bbp_voice_count":0,"_bbp_anonymous_reply_count":0,"_bbp_topic_count_hidden":0,"_bbp_reply_count_hidden":0,"_bbp_forum_subforum_count":0,"footnotes":""},"categories":[10,13,1],"tags":[],"class_list":["post-4760","post","type-post","status-publish","format-standard","hentry","category-1r","category-4t","category-general"],"post_mailing_queue_ids":[],"_links":{"self":[{"href":"https:\/\/agora.xtec.cat\/esc-renaixencahostalets\/wp-json\/wp\/v2\/posts\/4760","targetHints":{"allow":["GET"]}}],"collection":[{"href":"https:\/\/agora.xtec.cat\/esc-renaixencahostalets\/wp-json\/wp\/v2\/posts"}],"about":[{"href":"https:\/\/agora.xtec.cat\/esc-renaixencahostalets\/wp-json\/wp\/v2\/types\/post"}],"author":[{"embeddable":true,"href":"https:\/\/agora.xtec.cat\/esc-renaixencahostalets\/wp-json\/wp\/v2\/users\/13"}],"replies":[{"embeddable":true,"href":"https:\/\/agora.xtec.cat\/esc-renaixencahostalets\/wp-json\/wp\/v2\/comments?post=4760"}],"version-history":[{"count":3,"href":"https:\/\/agora.xtec.cat\/esc-renaixencahostalets\/wp-json\/wp\/v2\/posts\/4760\/revisions"}],"predecessor-version":[{"id":4767,"href":"https:\/\/agora.xtec.cat\/esc-renaixencahostalets\/wp-json\/wp\/v2\/posts\/4760\/revisions\/4767"}],"wp:attachment":[{"href":"https:\/\/agora.xtec.cat\/esc-renaixencahostalets\/wp-json\/wp\/v2\/media?parent=4760"}],"wp:term":[{"taxonomy":"category","embeddable":true,"href":"https:\/\/agora.xtec.cat\/esc-renaixencahostalets\/wp-json\/wp\/v2\/categories?post=4760"},{"taxonomy":"post_tag","embeddable":true,"href":"https:\/\/agora.xtec.cat\/esc-renaixencahostalets\/wp-json\/wp\/v2\/tags?post=4760"}],"curies":[{"name":"wp","href":"https:\/\/api.w.org\/{rel}","templated":true}]}}