{"id":4723,"date":"2018-12-17T13:24:40","date_gmt":"2018-12-17T12:24:40","guid":{"rendered":"http:\/\/agora.xtec.cat\/esc-renaixencahostalets\/?p=4723"},"modified":"2018-12-19T09:40:11","modified_gmt":"2018-12-19T08:40:11","slug":"mercabarna","status":"publish","type":"post","link":"https:\/\/agora.xtec.cat\/esc-renaixencahostalets\/general\/mercabarna\/","title":{"rendered":"Mercabarna"},"content":{"rendered":"<p><span style=\"font-weight: 400;\">El passat 26 d\u2019octubre els nens i nenes de 4t vam anar d\u2019excursi\u00f3 a Mercabarna. La sortida estava integrada dins el projectes que estem fent de<strong> les persones i la salut<\/strong>. Hem aprofitat que a expressi\u00f3 escrita estem treballant la not\u00edcia per fer-ne una sobre tot el que vam fer a la sortida. Aqu\u00ed la teniu:<\/span><\/p>\n<p><span style=\"font-weight: 400;\">-Hola,buenos d\u00edas. Hoy os explicaremos la aventura saludable que vivieron los ni\u00f1os de 4t. Primero fueron a un edificio donde les explicaron c\u00f3mo funciona Mercabarna. Las dos clases se dividieron en dos grupos. Cada grupo iba con un trabajador diferente, uno se llamaba Teo y el otro JP. Empezaron visitando pol\u00edgonos del mercado de la fruta y verdura. Caminando por ah\u00ed se pod\u00edan ver diferentes frutas y verduras ex\u00f3ticas, por ejemplo: una coliflor lila. Luego los llevaron a una mesa, donde en parejas ten\u00edan que hacer una cata a ciegas. Luego cuando acabaron fueron al almac\u00e9n de patatas. Entonces salieron del almac\u00e9n de las patatas y les propusieron un reto. Si llegaban al sitio que ten\u00edan que ir sin que les rompiesen las patatas se les regalaban, s\u00ed no se las quedaban ellos. Cuando llegaron <\/span><span style=\"font-weight: 400;\">se las regalaron. Entonces, comieron ensalada de 1r de 2n alguna cosa de casa y de postre una macedonia. Por \u00faltimo les dieron una mochila de 5 frutas y verduras al d\u00eda. Luego se hicieron fotos y se despidieron de Teo y JP. \u00a0\u00a0\u00a0\u00a0\u00a0<\/span><\/p>\n<p>Per veure les fotos cliqueu <a href=\"http:\/\/agora.xtec.cat\/esc-renaixencahostalets\/fotos\/fotos-4t\/\">aqu\u00ed<\/a><\/p>\n<p><iframe loading=\"lazy\" src=\"https:\/\/drive.google.com\/file\/d\/1XWW9iJVc699-hod3WhacolwwT7UzNV5l\/preview\" width=\"320\" height=\"240\"><span data-mce-type=\"bookmark\" style=\"display: inline-block; width: 0px; overflow: hidden; line-height: 0;\" class=\"mce_SELRES_start\">\ufeff<\/span><\/iframe><\/p>\n<p style=\"text-align: center;\">\n","protected":false},"excerpt":{"rendered":"<p>El passat 26 d\u2019octubre els nens i nenes de 4t vam anar d\u2019excursi\u00f3 a Mercabarna. La sortida estava integrada dins el projectes que estem fent de les persones i la salut. Hem aprofitat que a expressi\u00f3 escrita estem treballant la not\u00edcia per fer-ne una sobre&hellip;  <a href=\"https:\/\/agora.xtec.cat\/esc-renaixencahostalets\/general\/mercabarna\/\" title=\"Read Mercabarna\">Llegeix m\u00e9s\u00bb<\/a><\/p>\n","protected":false},"author":13,"featured_media":0,"comment_status":"open","ping_status":"closed","sticky":false,"template":"","format":"standard","meta":{"_bbp_topic_count":0,"_bbp_reply_count":0,"_bbp_total_topic_count":0,"_bbp_total_reply_count":0,"_bbp_voice_count":0,"_bbp_anonymous_reply_count":0,"_bbp_topic_count_hidden":0,"_bbp_reply_count_hidden":0,"_bbp_forum_subforum_count":0,"footnotes":""},"categories":[13,1],"tags":[],"class_list":["post-4723","post","type-post","status-publish","format-standard","hentry","category-4t","category-general"],"post_mailing_queue_ids":[],"_links":{"self":[{"href":"https:\/\/agora.xtec.cat\/esc-renaixencahostalets\/wp-json\/wp\/v2\/posts\/4723","targetHints":{"allow":["GET"]}}],"collection":[{"href":"https:\/\/agora.xtec.cat\/esc-renaixencahostalets\/wp-json\/wp\/v2\/posts"}],"about":[{"href":"https:\/\/agora.xtec.cat\/esc-renaixencahostalets\/wp-json\/wp\/v2\/types\/post"}],"author":[{"embeddable":true,"href":"https:\/\/agora.xtec.cat\/esc-renaixencahostalets\/wp-json\/wp\/v2\/users\/13"}],"replies":[{"embeddable":true,"href":"https:\/\/agora.xtec.cat\/esc-renaixencahostalets\/wp-json\/wp\/v2\/comments?post=4723"}],"version-history":[{"count":2,"href":"https:\/\/agora.xtec.cat\/esc-renaixencahostalets\/wp-json\/wp\/v2\/posts\/4723\/revisions"}],"predecessor-version":[{"id":4765,"href":"https:\/\/agora.xtec.cat\/esc-renaixencahostalets\/wp-json\/wp\/v2\/posts\/4723\/revisions\/4765"}],"wp:attachment":[{"href":"https:\/\/agora.xtec.cat\/esc-renaixencahostalets\/wp-json\/wp\/v2\/media?parent=4723"}],"wp:term":[{"taxonomy":"category","embeddable":true,"href":"https:\/\/agora.xtec.cat\/esc-renaixencahostalets\/wp-json\/wp\/v2\/categories?post=4723"},{"taxonomy":"post_tag","embeddable":true,"href":"https:\/\/agora.xtec.cat\/esc-renaixencahostalets\/wp-json\/wp\/v2\/tags?post=4723"}],"curies":[{"name":"wp","href":"https:\/\/api.w.org\/{rel}","templated":true}]}}