{"id":4662,"date":"2018-12-02T11:31:04","date_gmt":"2018-12-02T10:31:04","guid":{"rendered":"http:\/\/agora.xtec.cat\/esc-renaixencahostalets\/?p=4662"},"modified":"2018-12-13T15:54:48","modified_gmt":"2018-12-13T14:54:48","slug":"ajuda-a-greenpeace-a-protegir-el-bosc-boreal","status":"publish","type":"post","link":"https:\/\/agora.xtec.cat\/esc-renaixencahostalets\/projectes-de-centre\/cd\/ajuda-a-greenpeace-a-protegir-el-bosc-boreal\/","title":{"rendered":"Ajuda a Greenpeace a protegir el bosc boreal"},"content":{"rendered":"<p><a href=\"https:\/\/agora.xtec.cat\/esc-renaixencahostalets\/wp-content\/uploads\/usu1823\/2018\/12\/25a18aef-gp0stq3ky_medium_res-500x0-c-default.jpg\"><img loading=\"lazy\" decoding=\"async\" class=\"wp-image-4664 alignleft\" src=\"https:\/\/agora.xtec.cat\/esc-renaixencahostalets\/wp-content\/uploads\/usu1823\/2018\/12\/25a18aef-gp0stq3ky_medium_res-500x0-c-default.jpg\" alt=\"\" width=\"315\" height=\"251\" \/><\/a>El Gran Bosc Boreal \u00e9s un ecosistema \u00fanic que envolta el planeta com una gran corona verda. La seva massa forestal s\u2019ext\u00e9n per Canad\u00e0, Su\u00e8cia, Finl\u00e0ndia i R\u00fassia, i aquesta enorme extensi\u00f3 fa que el seu paper sigui vital a l\u2019hora de regular la quantitat de CO2 a l\u2019atmosfera:\u00e9s el major magatzem de carboni de tot el planeta.<br \/>\nSi permetem que el destrueixin, aquestes enormes quantitats de CO2 que emmagtzema el bosc seran alliberades a l\u2019atmosfera. No podem permetre que aix\u00f2 passi. El que passi al Gran Bosc Boreal ens afecta a tots.<br \/>\nNo podem permetre que transformin aquest gran ecosistema \u00fanic a nivell higi\u00e8nic: Exigeix als l\u00edders dels governs de Canad\u00e0, Su\u00e8cia, Finl\u00e0ndia i R\u00fassia que mantinguin la seva promesa i comencin a actuar per salvar el Gran Bosc Boreal de les empreses que l\u2019estan arrasant. Suma\u2019t a la campanya amb la teva signatura<\/p>\n<p><a href=\"http:\/\/agora.xtec.cat\/esc-renaixencahostalets\/tac\/fotos-tac\/\">Veure les imatges<\/a>.<\/p>\n","protected":false},"excerpt":{"rendered":"<p><a href=\"https:\/\/agora.xtec.cat\/esc-renaixencahostalets\/wp-content\/uploads\/usu1823\/2018\/12\/25a18aef-gp0stq3ky_medium_res-500x0-c-default.jpg\"><\/a>El Gran Bosc Boreal \u00e9s un ecosistema \u00fanic que envolta el planeta com una gran corona verda. La seva massa forestal s\u2019ext\u00e9n per Canad\u00e0, Su\u00e8cia, Finl\u00e0ndia i R\u00fassia, i aquesta enorme extensi\u00f3 fa que el seu paper sigui vital a l\u2019hora de regular la&hellip;  <a href=\"https:\/\/agora.xtec.cat\/esc-renaixencahostalets\/projectes-de-centre\/cd\/ajuda-a-greenpeace-a-protegir-el-bosc-boreal\/\" title=\"Read Ajuda a Greenpeace a protegir el bosc boreal\">Llegeix m\u00e9s\u00bb<\/a><\/p>\n","protected":false},"author":39,"featured_media":0,"comment_status":"open","ping_status":"closed","sticky":false,"template":"","format":"standard","meta":{"_bbp_topic_count":0,"_bbp_reply_count":0,"_bbp_total_topic_count":0,"_bbp_total_reply_count":0,"_bbp_voice_count":0,"_bbp_anonymous_reply_count":0,"_bbp_topic_count_hidden":0,"_bbp_reply_count_hidden":0,"_bbp_forum_subforum_count":0,"footnotes":""},"categories":[99],"tags":[],"class_list":["post-4662","post","type-post","status-publish","format-standard","hentry","category-cd"],"post_mailing_queue_ids":[],"_links":{"self":[{"href":"https:\/\/agora.xtec.cat\/esc-renaixencahostalets\/wp-json\/wp\/v2\/posts\/4662","targetHints":{"allow":["GET"]}}],"collection":[{"href":"https:\/\/agora.xtec.cat\/esc-renaixencahostalets\/wp-json\/wp\/v2\/posts"}],"about":[{"href":"https:\/\/agora.xtec.cat\/esc-renaixencahostalets\/wp-json\/wp\/v2\/types\/post"}],"author":[{"embeddable":true,"href":"https:\/\/agora.xtec.cat\/esc-renaixencahostalets\/wp-json\/wp\/v2\/users\/39"}],"replies":[{"embeddable":true,"href":"https:\/\/agora.xtec.cat\/esc-renaixencahostalets\/wp-json\/wp\/v2\/comments?post=4662"}],"version-history":[{"count":3,"href":"https:\/\/agora.xtec.cat\/esc-renaixencahostalets\/wp-json\/wp\/v2\/posts\/4662\/revisions"}],"predecessor-version":[{"id":4700,"href":"https:\/\/agora.xtec.cat\/esc-renaixencahostalets\/wp-json\/wp\/v2\/posts\/4662\/revisions\/4700"}],"wp:attachment":[{"href":"https:\/\/agora.xtec.cat\/esc-renaixencahostalets\/wp-json\/wp\/v2\/media?parent=4662"}],"wp:term":[{"taxonomy":"category","embeddable":true,"href":"https:\/\/agora.xtec.cat\/esc-renaixencahostalets\/wp-json\/wp\/v2\/categories?post=4662"},{"taxonomy":"post_tag","embeddable":true,"href":"https:\/\/agora.xtec.cat\/esc-renaixencahostalets\/wp-json\/wp\/v2\/tags?post=4662"}],"curies":[{"name":"wp","href":"https:\/\/api.w.org\/{rel}","templated":true}]}}