{"id":4566,"date":"2018-11-23T19:00:23","date_gmt":"2018-11-23T18:00:23","guid":{"rendered":"http:\/\/agora.xtec.cat\/esc-renaixencahostalets\/?p=4566"},"modified":"2018-11-23T12:23:57","modified_gmt":"2018-11-23T11:23:57","slug":"la-marato","status":"publish","type":"post","link":"https:\/\/agora.xtec.cat\/esc-renaixencahostalets\/blog-de-curs\/1r\/la-marato\/","title":{"rendered":"La marat\u00f3"},"content":{"rendered":"<p>Com ja sabeu avui 23 de novembre celebrem a l&#8217;escola una cursa solid\u00e0ria a favor de la Marat\u00f3 de Tv3 (tot i que per la pluja s&#8217;ha hagut de suspendre).<\/p>\n<p>Les classes de primer hem decidit que per cada volta que\u00a0correrem volem posar 1\u20ac per la investigaci\u00f3 del c\u00e0ncer.<\/p>\n<p>En motiu d\u2019aquesta festa solid\u00e0ria hem estat fent unes camisetes amb el lema de l\u2019escola <em>\u201ccaminem plegats, cadasc\u00fa al seu pas\u201d<\/em> , ens han quedat ben boniques!<\/p>\n<p><a href=\"https:\/\/agora.xtec.cat\/esc-renaixencahostalets\/wp-content\/uploads\/usu1823\/2018\/11\/IMG_20181122_121244.jpg\"><img loading=\"lazy\" decoding=\"async\" class=\" wp-image-4569\" src=\"https:\/\/agora.xtec.cat\/esc-renaixencahostalets\/wp-content\/uploads\/usu1823\/2018\/11\/IMG_20181122_121244-1024x768.jpg\" alt=\"\" width=\"435\" height=\"326\" srcset=\"https:\/\/agora.xtec.cat\/esc-renaixencahostalets\/wp-content\/uploads\/usu1823\/2018\/11\/IMG_20181122_121244-1024x768.jpg 1024w, https:\/\/agora.xtec.cat\/esc-renaixencahostalets\/wp-content\/uploads\/usu1823\/2018\/11\/IMG_20181122_121244-300x225.jpg 300w, https:\/\/agora.xtec.cat\/esc-renaixencahostalets\/wp-content\/uploads\/usu1823\/2018\/11\/IMG_20181122_121244-768x576.jpg 768w, https:\/\/agora.xtec.cat\/esc-renaixencahostalets\/wp-content\/uploads\/usu1823\/2018\/11\/IMG_20181122_121244-200x150.jpg 200w\" sizes=\"auto, (max-width: 435px) 100vw, 435px\" \/><\/a><\/p>\n<p>Oi que s\u00ed?<\/p>\n<p><a href=\"https:\/\/agora.xtec.cat\/esc-renaixencahostalets\/fotos-1r\/\">M\u00e9s imatges aqu\u00ed!<\/a><\/p>\n","protected":false},"excerpt":{"rendered":"<p>Com ja sabeu avui 23 de novembre celebrem a l&#8217;escola una cursa solid\u00e0ria a favor de la Marat\u00f3 de Tv3 (tot i que per la pluja s&#8217;ha hagut de suspendre).<br \/>\nLes classes de primer hem decidit que per cada volta que\u00a0correrem volem posar 1\u20ac per la&hellip;  <a href=\"https:\/\/agora.xtec.cat\/esc-renaixencahostalets\/blog-de-curs\/1r\/la-marato\/\" title=\"Read La marat\u00f3\">Llegeix m\u00e9s\u00bb<\/a><\/p>\n","protected":false},"author":1,"featured_media":0,"comment_status":"open","ping_status":"closed","sticky":false,"template":"","format":"standard","meta":{"_bbp_topic_count":0,"_bbp_reply_count":0,"_bbp_total_topic_count":0,"_bbp_total_reply_count":0,"_bbp_voice_count":0,"_bbp_anonymous_reply_count":0,"_bbp_topic_count_hidden":0,"_bbp_reply_count_hidden":0,"_bbp_forum_subforum_count":0,"footnotes":""},"categories":[10],"tags":[],"class_list":["post-4566","post","type-post","status-publish","format-standard","hentry","category-1r"],"post_mailing_queue_ids":[],"_links":{"self":[{"href":"https:\/\/agora.xtec.cat\/esc-renaixencahostalets\/wp-json\/wp\/v2\/posts\/4566","targetHints":{"allow":["GET"]}}],"collection":[{"href":"https:\/\/agora.xtec.cat\/esc-renaixencahostalets\/wp-json\/wp\/v2\/posts"}],"about":[{"href":"https:\/\/agora.xtec.cat\/esc-renaixencahostalets\/wp-json\/wp\/v2\/types\/post"}],"author":[{"embeddable":true,"href":"https:\/\/agora.xtec.cat\/esc-renaixencahostalets\/wp-json\/wp\/v2\/users\/1"}],"replies":[{"embeddable":true,"href":"https:\/\/agora.xtec.cat\/esc-renaixencahostalets\/wp-json\/wp\/v2\/comments?post=4566"}],"version-history":[{"count":2,"href":"https:\/\/agora.xtec.cat\/esc-renaixencahostalets\/wp-json\/wp\/v2\/posts\/4566\/revisions"}],"predecessor-version":[{"id":4572,"href":"https:\/\/agora.xtec.cat\/esc-renaixencahostalets\/wp-json\/wp\/v2\/posts\/4566\/revisions\/4572"}],"wp:attachment":[{"href":"https:\/\/agora.xtec.cat\/esc-renaixencahostalets\/wp-json\/wp\/v2\/media?parent=4566"}],"wp:term":[{"taxonomy":"category","embeddable":true,"href":"https:\/\/agora.xtec.cat\/esc-renaixencahostalets\/wp-json\/wp\/v2\/categories?post=4566"},{"taxonomy":"post_tag","embeddable":true,"href":"https:\/\/agora.xtec.cat\/esc-renaixencahostalets\/wp-json\/wp\/v2\/tags?post=4566"}],"curies":[{"name":"wp","href":"https:\/\/api.w.org\/{rel}","templated":true}]}}