{"id":4535,"date":"2018-11-23T15:09:29","date_gmt":"2018-11-23T14:09:29","guid":{"rendered":"http:\/\/agora.xtec.cat\/esc-renaixencahostalets\/?p=4535"},"modified":"2018-12-17T16:10:56","modified_gmt":"2018-12-17T15:10:56","slug":"mapa-conceptual-dels-essers-vius","status":"publish","type":"post","link":"https:\/\/agora.xtec.cat\/esc-renaixencahostalets\/general\/mapa-conceptual-dels-essers-vius\/","title":{"rendered":"Mapa conceptual dels \u00e9ssers vius"},"content":{"rendered":"<p>Els alumnes de 3r van investigar diferents \u00e9ssers vius dels diferents regnes i aquesta setmana els hem fet arribar un mapa conceptual que sintetitzava les informacions m\u00e9s rellevants de tots els regnes i ens d\u00f3na una visi\u00f3 transversal dels diferents \u00e9ssers vius. Qu\u00e8 us sembla?<\/p>\n<p><iframe loading=\"lazy\" src=\"https:\/\/drive.google.com\/file\/d\/1T5RDhaV0N7L0RFWEqNUofKApVEia-ldF\/preview\" width=\"640\" height=\"480\"><\/iframe><\/p>\n","protected":false},"excerpt":{"rendered":"<p>Els alumnes de 3r van investigar diferents \u00e9ssers vius dels diferents regnes i aquesta setmana els hem fet arribar un mapa conceptual que sintetitzava les informacions m\u00e9s rellevants de tots els regnes i ens d\u00f3na una visi\u00f3 transversal dels diferents \u00e9ssers vius. Qu\u00e8 us sembla?<\/p>\n","protected":false},"author":11,"featured_media":4737,"comment_status":"open","ping_status":"closed","sticky":false,"template":"","format":"standard","meta":{"_bbp_topic_count":0,"_bbp_reply_count":0,"_bbp_total_topic_count":0,"_bbp_total_reply_count":0,"_bbp_voice_count":0,"_bbp_anonymous_reply_count":0,"_bbp_topic_count_hidden":0,"_bbp_reply_count_hidden":0,"_bbp_forum_subforum_count":0,"footnotes":""},"categories":[1],"tags":[],"class_list":["post-4535","post","type-post","status-publish","format-standard","has-post-thumbnail","hentry","category-general"],"post_mailing_queue_ids":[],"_links":{"self":[{"href":"https:\/\/agora.xtec.cat\/esc-renaixencahostalets\/wp-json\/wp\/v2\/posts\/4535","targetHints":{"allow":["GET"]}}],"collection":[{"href":"https:\/\/agora.xtec.cat\/esc-renaixencahostalets\/wp-json\/wp\/v2\/posts"}],"about":[{"href":"https:\/\/agora.xtec.cat\/esc-renaixencahostalets\/wp-json\/wp\/v2\/types\/post"}],"author":[{"embeddable":true,"href":"https:\/\/agora.xtec.cat\/esc-renaixencahostalets\/wp-json\/wp\/v2\/users\/11"}],"replies":[{"embeddable":true,"href":"https:\/\/agora.xtec.cat\/esc-renaixencahostalets\/wp-json\/wp\/v2\/comments?post=4535"}],"version-history":[{"count":1,"href":"https:\/\/agora.xtec.cat\/esc-renaixencahostalets\/wp-json\/wp\/v2\/posts\/4535\/revisions"}],"predecessor-version":[{"id":4536,"href":"https:\/\/agora.xtec.cat\/esc-renaixencahostalets\/wp-json\/wp\/v2\/posts\/4535\/revisions\/4536"}],"wp:featuredmedia":[{"embeddable":true,"href":"https:\/\/agora.xtec.cat\/esc-renaixencahostalets\/wp-json\/wp\/v2\/media\/4737"}],"wp:attachment":[{"href":"https:\/\/agora.xtec.cat\/esc-renaixencahostalets\/wp-json\/wp\/v2\/media?parent=4535"}],"wp:term":[{"taxonomy":"category","embeddable":true,"href":"https:\/\/agora.xtec.cat\/esc-renaixencahostalets\/wp-json\/wp\/v2\/categories?post=4535"},{"taxonomy":"post_tag","embeddable":true,"href":"https:\/\/agora.xtec.cat\/esc-renaixencahostalets\/wp-json\/wp\/v2\/tags?post=4535"}],"curies":[{"name":"wp","href":"https:\/\/api.w.org\/{rel}","templated":true}]}}