{"id":4434,"date":"2018-11-12T12:12:17","date_gmt":"2018-11-12T11:12:17","guid":{"rendered":"http:\/\/agora.xtec.cat\/esc-renaixencahostalets\/?p=4434"},"modified":"2018-11-15T09:36:37","modified_gmt":"2018-11-15T08:36:37","slug":"ajudes-descolaritzacio","status":"publish","type":"post","link":"https:\/\/agora.xtec.cat\/esc-renaixencahostalets\/general\/ajudes-descolaritzacio\/","title":{"rendered":"Ajudes a l&#8217;escolaritzaci\u00f3"},"content":{"rendered":"<p><a href=\"https:\/\/agora.xtec.cat\/esc-renaixencahostalets\/wp-content\/uploads\/usu1823\/2018\/11\/AJUDES.jpg\"><img loading=\"lazy\" decoding=\"async\" class=\"wp-image-4435 alignleft\" src=\"https:\/\/agora.xtec.cat\/esc-renaixencahostalets\/wp-content\/uploads\/usu1823\/2018\/11\/AJUDES.jpg\" alt=\"\" width=\"140\" height=\"279\" srcset=\"https:\/\/agora.xtec.cat\/esc-renaixencahostalets\/wp-content\/uploads\/usu1823\/2018\/11\/AJUDES.jpg 364w, https:\/\/agora.xtec.cat\/esc-renaixencahostalets\/wp-content\/uploads\/usu1823\/2018\/11\/AJUDES-151x300.jpg 151w\" sizes=\"auto, (max-width: 140px) 100vw, 140px\" \/><\/a>Com cada any s\u2019ha obert el termini per sol\u00b7licitar les ajudes d\u2019escolaritzaci\u00f3 2018-19 que es poden sol\u00b7licitar fins el 29 de novembre de 2018:<\/p>\n<h5 style=\"text-align: center;\"><a href=\"http:\/\/elshostaletsdepierola.cat\/obertura-ajudes-escolaritzacio-201819\/\">ARTICLE DE L\u2019AJUNTAMENT DELS HOSTALETS DE PIEROLA<\/a><\/h5>\n<p>&nbsp;<\/p>\n<p>Us deixem m\u00e9s informaci\u00f3 a continuaci\u00f3:<\/p>\n<h3 style=\"text-align: center;\"><a href=\"https:\/\/agora.xtec.cat\/esc-renaixencahostalets\/wp-content\/uploads\/usu1823\/2018\/11\/Ajudes_escolaritzacio_2017_v2_2.pdf\">Ajudes escolaritzaci\u00f3<\/a><\/h3>\n<p>&nbsp;<\/p>\n","protected":false},"excerpt":{"rendered":"<p><a href=\"https:\/\/agora.xtec.cat\/esc-renaixencahostalets\/wp-content\/uploads\/usu1823\/2018\/11\/AJUDES.jpg\"><\/a>Com cada any s\u2019ha obert el termini per sol\u00b7licitar les ajudes d\u2019escolaritzaci\u00f3 2018-19 que es poden sol\u00b7licitar fins el 29 de novembre de 2018:<br \/>\n<a href=\"http:\/\/elshostaletsdepierola.cat\/obertura-ajudes-escolaritzacio-201819\/\">ARTICLE DE L\u2019AJUNTAMENT DELS HOSTALETS DE PIEROLA<\/a><br \/>\n&nbsp;<br \/>\nUs deixem m\u00e9s informaci\u00f3 a continuaci\u00f3:<br \/>\n<a href=\"https:\/\/agora.xtec.cat\/esc-renaixencahostalets\/wp-content\/uploads\/usu1823\/2018\/11\/Ajudes_escolaritzacio_2017_v2_2.pdf\">Ajudes escolaritzaci\u00f3<\/a><br \/>\n&nbsp;<\/p>\n","protected":false},"author":1,"featured_media":0,"comment_status":"open","ping_status":"closed","sticky":false,"template":"","format":"standard","meta":{"_bbp_topic_count":0,"_bbp_reply_count":0,"_bbp_total_topic_count":0,"_bbp_total_reply_count":0,"_bbp_voice_count":0,"_bbp_anonymous_reply_count":0,"_bbp_topic_count_hidden":0,"_bbp_reply_count_hidden":0,"_bbp_forum_subforum_count":0,"footnotes":""},"categories":[104,1],"tags":[],"class_list":["post-4434","post","type-post","status-publish","format-standard","hentry","category-beques","category-general"],"post_mailing_queue_ids":[],"_links":{"self":[{"href":"https:\/\/agora.xtec.cat\/esc-renaixencahostalets\/wp-json\/wp\/v2\/posts\/4434","targetHints":{"allow":["GET"]}}],"collection":[{"href":"https:\/\/agora.xtec.cat\/esc-renaixencahostalets\/wp-json\/wp\/v2\/posts"}],"about":[{"href":"https:\/\/agora.xtec.cat\/esc-renaixencahostalets\/wp-json\/wp\/v2\/types\/post"}],"author":[{"embeddable":true,"href":"https:\/\/agora.xtec.cat\/esc-renaixencahostalets\/wp-json\/wp\/v2\/users\/1"}],"replies":[{"embeddable":true,"href":"https:\/\/agora.xtec.cat\/esc-renaixencahostalets\/wp-json\/wp\/v2\/comments?post=4434"}],"version-history":[{"count":3,"href":"https:\/\/agora.xtec.cat\/esc-renaixencahostalets\/wp-json\/wp\/v2\/posts\/4434\/revisions"}],"predecessor-version":[{"id":4481,"href":"https:\/\/agora.xtec.cat\/esc-renaixencahostalets\/wp-json\/wp\/v2\/posts\/4434\/revisions\/4481"}],"wp:attachment":[{"href":"https:\/\/agora.xtec.cat\/esc-renaixencahostalets\/wp-json\/wp\/v2\/media?parent=4434"}],"wp:term":[{"taxonomy":"category","embeddable":true,"href":"https:\/\/agora.xtec.cat\/esc-renaixencahostalets\/wp-json\/wp\/v2\/categories?post=4434"},{"taxonomy":"post_tag","embeddable":true,"href":"https:\/\/agora.xtec.cat\/esc-renaixencahostalets\/wp-json\/wp\/v2\/tags?post=4434"}],"curies":[{"name":"wp","href":"https:\/\/api.w.org\/{rel}","templated":true}]}}