{"id":21987,"date":"2026-04-21T13:16:03","date_gmt":"2026-04-21T11:16:03","guid":{"rendered":"https:\/\/agora.xtec.cat\/esc-renaixencahostalets\/?p=21987"},"modified":"2026-04-21T14:39:54","modified_gmt":"2026-04-21T12:39:54","slug":"pensem-els-llibres-amb-ulls-critics","status":"publish","type":"post","link":"https:\/\/agora.xtec.cat\/esc-renaixencahostalets\/general\/pensem-els-llibres-amb-ulls-critics\/","title":{"rendered":"PENSEM ELS LLIBRES AMB ULLS CR\u00cdTICS!"},"content":{"rendered":"<p><span style=\"font-weight: 400;\">La setmana passada, l\u2019alumnat de sis\u00e8 <\/span><b>va participar<\/b><span style=\"font-weight: 400;\"> en una activitat molt especial de club de lectura, emmarcada dins el <\/span><b>Concurs del Gust per la Lectura del Departament<\/b><span style=\"font-weight: 400;\">, on <\/span><b>vam aprendre<\/b><span style=\"font-weight: 400;\"> a mirar els llibres d\u2019una manera diferent: amb ulls cr\u00edtics.<\/span><\/p>\n<p><span style=\"font-weight: 400;\">A partir del llibre <\/span><i><span style=\"font-weight: 400;\">Ronia, la filla del bandoler<\/span><\/i><span style=\"font-weight: 400;\"> d\u2019Astrid Lindgren, <\/span><b>vam reflexionar<\/b><span style=\"font-weight: 400;\"> sobre la igualtat i la just\u00edcia dins de les hist\u00f2ries. <\/span><b>Ens vam preguntar<\/b><span style=\"font-weight: 400;\"> si tenir una protagonista femenina \u00e9s suficient perqu\u00e8 un llibre sigui coeducatiu\u2026 i <\/span><b>vam descobrir<\/b><span style=\"font-weight: 400;\"> que no sempre \u00e9s aix\u00ed!<\/span><\/p>\n<p><b>Vam compartir<\/b><span style=\"font-weight: 400;\"> els nostres llibres en un \u201cspeed dating\u201d lector, explicant arguments, personatges i valors.<\/span><\/p>\n<p><span style=\"font-weight: 400;\">\u00a0<\/span><b>Vam debatre<\/b><span style=\"font-weight: 400;\"> si la Ronia \u00e9s una protagonista empoderada i qu\u00e8 ens transmet la seva hist\u00f2ria.<\/span><b>Vam analitzar<\/b><span style=\"font-weight: 400;\"> el llibre amb una graella de criteris per detectar estereotips, diversitat i formes de resoldre conflictes.I, finalment, <\/span><b>vam proposar<\/b><span style=\"font-weight: 400;\"> canvis per fer les hist\u00f2ries m\u00e9s igualit\u00e0ries i inclusives.Aquesta activitat <\/span><b>ens va ajudar<\/b><span style=\"font-weight: 400;\"> a entendre que llegir no \u00e9s nom\u00e9s seguir una hist\u00f2ria, sin\u00f3 tamb\u00e9 pensar qu\u00e8 ens est\u00e0 explicant i si reflecteix un m\u00f3n just.Continuem formant lectors i lectores cr\u00edtics, capa\u00e7os de q\u00fcestionar, opinar i transformar el que llegeixen!<\/span><\/p>\n<p><span style=\"font-weight: 400;\">Aqu\u00ed teniu <\/span><a href=\"https:\/\/drive.google.com\/file\/d\/1o3e5xZCzHk5dYXHWW_20qW0EWeStriUd\/view?usp=sharing\"><span style=\"font-weight: 400;\">l&#8217;enlla\u00e7<\/span><\/a><span style=\"font-weight: 400;\"> del gui\u00f3 que va seguir la dinamitzadora de l&#8217;activitat amb les aportacions que va fer l&#8217;alumnat. Tamb\u00e9 us deixem la <\/span><a href=\"https:\/\/drive.google.com\/file\/d\/1x0mAW6s8O0nY_1cuSGGALHffQsDMpQqZ\/view?usp=sharing\"><span style=\"font-weight: 400;\">fitxa<\/span><\/a><span style=\"font-weight: 400;\"> que en parelles i individualment van omplir. <\/span><\/p>\n<p>&nbsp;<\/p>\n<p><a href=\"https:\/\/agora.xtec.cat\/esc-renaixencahostalets\/wp-content\/uploads\/usu1823\/2026\/04\/RGB-2026-LOGO_Gran-HI-PARTICIPEM.png\"> <img loading=\"lazy\" decoding=\"async\" class=\"wp-image-21989 aligncenter\" src=\"https:\/\/agora.xtec.cat\/esc-renaixencahostalets\/wp-content\/uploads\/usu1823\/2026\/04\/PENSEM-ELS-LLIBRES-AMB-ULLS-CRITICS-1024x576.png\" alt=\"\" width=\"573\" height=\"322\" srcset=\"https:\/\/agora.xtec.cat\/esc-renaixencahostalets\/wp-content\/uploads\/usu1823\/2026\/04\/PENSEM-ELS-LLIBRES-AMB-ULLS-CRITICS-1024x576.png 1024w, https:\/\/agora.xtec.cat\/esc-renaixencahostalets\/wp-content\/uploads\/usu1823\/2026\/04\/PENSEM-ELS-LLIBRES-AMB-ULLS-CRITICS-300x169.png 300w, https:\/\/agora.xtec.cat\/esc-renaixencahostalets\/wp-content\/uploads\/usu1823\/2026\/04\/PENSEM-ELS-LLIBRES-AMB-ULLS-CRITICS-768x432.png 768w, https:\/\/agora.xtec.cat\/esc-renaixencahostalets\/wp-content\/uploads\/usu1823\/2026\/04\/PENSEM-ELS-LLIBRES-AMB-ULLS-CRITICS.png 1366w\" sizes=\"auto, (max-width: 573px) 100vw, 573px\" \/><\/a><a href=\"https:\/\/agora.xtec.cat\/esc-renaixencahostalets\/wp-content\/uploads\/usu1823\/2026\/04\/RGB-2026-LOGO_Gran-HI-PARTICIPEM.png\"><img loading=\"lazy\" decoding=\"async\" class=\"wp-image-21988 alignright\" src=\"https:\/\/agora.xtec.cat\/esc-renaixencahostalets\/wp-content\/uploads\/usu1823\/2026\/04\/RGB-2026-LOGO_Gran-HI-PARTICIPEM-1024x1024.png\" alt=\"\" width=\"183\" height=\"183\" srcset=\"https:\/\/agora.xtec.cat\/esc-renaixencahostalets\/wp-content\/uploads\/usu1823\/2026\/04\/RGB-2026-LOGO_Gran-HI-PARTICIPEM-1024x1024.png 1024w, https:\/\/agora.xtec.cat\/esc-renaixencahostalets\/wp-content\/uploads\/usu1823\/2026\/04\/RGB-2026-LOGO_Gran-HI-PARTICIPEM-300x300.png 300w, https:\/\/agora.xtec.cat\/esc-renaixencahostalets\/wp-content\/uploads\/usu1823\/2026\/04\/RGB-2026-LOGO_Gran-HI-PARTICIPEM-150x150.png 150w, https:\/\/agora.xtec.cat\/esc-renaixencahostalets\/wp-content\/uploads\/usu1823\/2026\/04\/RGB-2026-LOGO_Gran-HI-PARTICIPEM-768x768.png 768w, https:\/\/agora.xtec.cat\/esc-renaixencahostalets\/wp-content\/uploads\/usu1823\/2026\/04\/RGB-2026-LOGO_Gran-HI-PARTICIPEM-1536x1536.png 1536w, https:\/\/agora.xtec.cat\/esc-renaixencahostalets\/wp-content\/uploads\/usu1823\/2026\/04\/RGB-2026-LOGO_Gran-HI-PARTICIPEM.png 2000w\" sizes=\"auto, (max-width: 183px) 100vw, 183px\" \/><\/a><\/p>\n","protected":false},"excerpt":{"rendered":"<p>La setmana passada, l\u2019alumnat de sis\u00e8 va participar en una activitat molt especial de club de lectura, emmarcada dins el Concurs del Gust per la Lectura del Departament, on vam aprendre a mirar els llibres d\u2019una manera diferent: amb ulls cr\u00edtics.<br \/>\nA partir del llibre Ronia,&hellip;  <a href=\"https:\/\/agora.xtec.cat\/esc-renaixencahostalets\/general\/pensem-els-llibres-amb-ulls-critics\/\" title=\"Read PENSEM ELS LLIBRES AMB ULLS CR\u00cdTICS!\">Llegeix m\u00e9s\u00bb<\/a><\/p>\n","protected":false},"author":107,"featured_media":0,"comment_status":"open","ping_status":"open","sticky":false,"template":"","format":"standard","meta":{"_bbp_topic_count":0,"_bbp_reply_count":0,"_bbp_total_topic_count":0,"_bbp_total_reply_count":0,"_bbp_voice_count":0,"_bbp_anonymous_reply_count":0,"_bbp_topic_count_hidden":0,"_bbp_reply_count_hidden":0,"_bbp_forum_subforum_count":0,"footnotes":""},"categories":[15,1],"tags":[],"class_list":["post-21987","post","type-post","status-publish","format-standard","hentry","category-6e","category-general"],"post_mailing_queue_ids":[],"_links":{"self":[{"href":"https:\/\/agora.xtec.cat\/esc-renaixencahostalets\/wp-json\/wp\/v2\/posts\/21987","targetHints":{"allow":["GET"]}}],"collection":[{"href":"https:\/\/agora.xtec.cat\/esc-renaixencahostalets\/wp-json\/wp\/v2\/posts"}],"about":[{"href":"https:\/\/agora.xtec.cat\/esc-renaixencahostalets\/wp-json\/wp\/v2\/types\/post"}],"author":[{"embeddable":true,"href":"https:\/\/agora.xtec.cat\/esc-renaixencahostalets\/wp-json\/wp\/v2\/users\/107"}],"replies":[{"embeddable":true,"href":"https:\/\/agora.xtec.cat\/esc-renaixencahostalets\/wp-json\/wp\/v2\/comments?post=21987"}],"version-history":[{"count":6,"href":"https:\/\/agora.xtec.cat\/esc-renaixencahostalets\/wp-json\/wp\/v2\/posts\/21987\/revisions"}],"predecessor-version":[{"id":22004,"href":"https:\/\/agora.xtec.cat\/esc-renaixencahostalets\/wp-json\/wp\/v2\/posts\/21987\/revisions\/22004"}],"wp:attachment":[{"href":"https:\/\/agora.xtec.cat\/esc-renaixencahostalets\/wp-json\/wp\/v2\/media?parent=21987"}],"wp:term":[{"taxonomy":"category","embeddable":true,"href":"https:\/\/agora.xtec.cat\/esc-renaixencahostalets\/wp-json\/wp\/v2\/categories?post=21987"},{"taxonomy":"post_tag","embeddable":true,"href":"https:\/\/agora.xtec.cat\/esc-renaixencahostalets\/wp-json\/wp\/v2\/tags?post=21987"}],"curies":[{"name":"wp","href":"https:\/\/api.w.org\/{rel}","templated":true}]}}