{"id":21982,"date":"2026-04-21T21:19:42","date_gmt":"2026-04-21T19:19:42","guid":{"rendered":"https:\/\/agora.xtec.cat\/esc-renaixencahostalets\/?p=21982"},"modified":"2026-04-21T21:20:20","modified_gmt":"2026-04-21T19:20:20","slug":"ronia-la-filla-del-bandoler-astrid-lindgren-criatures-mitologiques","status":"publish","type":"post","link":"https:\/\/agora.xtec.cat\/esc-renaixencahostalets\/general\/ronia-la-filla-del-bandoler-astrid-lindgren-criatures-mitologiques\/","title":{"rendered":"Ronia, la filla del bandoler\u00a0(Astrid Lindgren).\u00a0Criatures mitol\u00f2giques."},"content":{"rendered":"<p>Aquest divendres a<b>\u00a0sis\u00e8<\/b>\u00a0vam finalitzar el treball de la\u00a0<a href=\"http:\/\/novel.la\/\" target=\"_blank\" rel=\"noopener\" data-saferedirecturl=\"https:\/\/www.google.com\/url?q=http:\/\/novel.la&amp;source=gmail&amp;ust=1776846722849000&amp;usg=AOvVaw1avtqAPsHHqizyMzRuCk5y\">novel.la<\/a>\u00a0llegida col.lectivament\u00a0<i>Ronia, la filla del bandoler,\u00a0<\/i>proposta del programa El Gust per la Lectura<i>.<\/i><\/p>\n<p>Com a acte de cloenda, un dels grups de sis\u00e8, v\u00e0rem endinsar-nos en con\u00e8ixer m\u00e9s a fons\u00a0<b>les criatures mitol\u00f2giques<\/b>\u00a0que surten a la\u00a0<a href=\"http:\/\/novel.la\/\" target=\"_blank\" rel=\"noopener\" data-saferedirecturl=\"https:\/\/www.google.com\/url?q=http:\/\/novel.la&amp;source=gmail&amp;ust=1776846722849000&amp;usg=AOvVaw1avtqAPsHHqizyMzRuCk5y\">novel.la<\/a>. Ens vam dividir per grups d&#8217;expertesa de cada criatura:<i>\u00a0harpies, monstres de les tenebres, nans grisos, gnoms culgrossos<\/i>&#8230;on el producte final era realitzar murals col.laboratius amb el qu\u00e8 hav\u00edem apr\u00e8s.<\/p>\n<p>Va ser curi\u00f3s adonar-nos de com l&#8217;autora havia donat vida dins l&#8217;obra aquestes criatures amb personalitat i aspecte f\u00edsic que els caracteritza. Ens ho vam passar b\u00e9 tot aprenent!<\/p>\n<p>Aqu\u00ed deixem mostra de la sessi\u00f3 i dels productes finals.<\/p>\n<div><\/div>\n<div><a href=\"https:\/\/agora.xtec.cat\/esc-renaixencahostalets\/wp-content\/uploads\/usu1823\/2026\/04\/Anadir-un-titulo-1-1-1-min.jpg\"><img loading=\"lazy\" decoding=\"async\" class=\"alignnone size-large wp-image-22005\" src=\"https:\/\/agora.xtec.cat\/esc-renaixencahostalets\/wp-content\/uploads\/usu1823\/2026\/04\/Anadir-un-titulo-1-1-1-min-1024x576.jpg\" alt=\"\" width=\"1024\" height=\"576\" srcset=\"https:\/\/agora.xtec.cat\/esc-renaixencahostalets\/wp-content\/uploads\/usu1823\/2026\/04\/Anadir-un-titulo-1-1-1-min-1024x576.jpg 1024w, https:\/\/agora.xtec.cat\/esc-renaixencahostalets\/wp-content\/uploads\/usu1823\/2026\/04\/Anadir-un-titulo-1-1-1-min-300x169.jpg 300w, https:\/\/agora.xtec.cat\/esc-renaixencahostalets\/wp-content\/uploads\/usu1823\/2026\/04\/Anadir-un-titulo-1-1-1-min-768x432.jpg 768w, https:\/\/agora.xtec.cat\/esc-renaixencahostalets\/wp-content\/uploads\/usu1823\/2026\/04\/Anadir-un-titulo-1-1-1-min-1536x864.jpg 1536w, https:\/\/agora.xtec.cat\/esc-renaixencahostalets\/wp-content\/uploads\/usu1823\/2026\/04\/Anadir-un-titulo-1-1-1-min.jpg 1920w\" sizes=\"auto, (max-width: 1024px) 100vw, 1024px\" \/><\/a><\/div>\n<p><a href=\"https:\/\/agora.xtec.cat\/esc-renaixencahostalets\/wp-content\/uploads\/usu1823\/2026\/04\/RGB-2026-LOGO_Gran-HI-PARTICIPEM.png\"><img loading=\"lazy\" decoding=\"async\" class=\"wp-image-21988 alignright\" src=\"https:\/\/agora.xtec.cat\/esc-renaixencahostalets\/wp-content\/uploads\/usu1823\/2026\/04\/RGB-2026-LOGO_Gran-HI-PARTICIPEM-1024x1024.png\" alt=\"\" width=\"117\" height=\"117\" srcset=\"https:\/\/agora.xtec.cat\/esc-renaixencahostalets\/wp-content\/uploads\/usu1823\/2026\/04\/RGB-2026-LOGO_Gran-HI-PARTICIPEM-1024x1024.png 1024w, https:\/\/agora.xtec.cat\/esc-renaixencahostalets\/wp-content\/uploads\/usu1823\/2026\/04\/RGB-2026-LOGO_Gran-HI-PARTICIPEM-300x300.png 300w, https:\/\/agora.xtec.cat\/esc-renaixencahostalets\/wp-content\/uploads\/usu1823\/2026\/04\/RGB-2026-LOGO_Gran-HI-PARTICIPEM-150x150.png 150w, https:\/\/agora.xtec.cat\/esc-renaixencahostalets\/wp-content\/uploads\/usu1823\/2026\/04\/RGB-2026-LOGO_Gran-HI-PARTICIPEM-768x768.png 768w, https:\/\/agora.xtec.cat\/esc-renaixencahostalets\/wp-content\/uploads\/usu1823\/2026\/04\/RGB-2026-LOGO_Gran-HI-PARTICIPEM-1536x1536.png 1536w, https:\/\/agora.xtec.cat\/esc-renaixencahostalets\/wp-content\/uploads\/usu1823\/2026\/04\/RGB-2026-LOGO_Gran-HI-PARTICIPEM.png 2000w\" sizes=\"auto, (max-width: 117px) 100vw, 117px\" \/><\/a><\/p>\n","protected":false},"excerpt":{"rendered":"<p>Aquest divendres a\u00a0sis\u00e8\u00a0vam finalitzar el treball de la\u00a0<a href=\"http:\/\/novel.la\/\" target=\"_blank\" rel=\"noopener\" data-saferedirecturl=\"https:\/\/www.google.com\/url?q=http:\/\/novel.la&amp;source=gmail&amp;ust=1776846722849000&amp;usg=AOvVaw1avtqAPsHHqizyMzRuCk5y\">novel.la<\/a>\u00a0llegida col.lectivament\u00a0Ronia, la filla del bandoler,\u00a0proposta del programa El Gust per la Lectura.<br \/>\nCom a acte de cloenda, un dels grups de sis\u00e8, v\u00e0rem endinsar-nos en con\u00e8ixer m\u00e9s a fons\u00a0les criatures mitol\u00f2giques\u00a0que surten a la\u00a0<a&hellip;  <a href=\"https:\/\/agora.xtec.cat\/esc-renaixencahostalets\/general\/ronia-la-filla-del-bandoler-astrid-lindgren-criatures-mitologiques\/\" title=\"Read Ronia, la filla del bandoler\u00a0(Astrid Lindgren).\u00a0Criatures mitol\u00f2giques.\">Llegeix m\u00e9s\u00bb<\/a><\/p>\n","protected":false},"author":107,"featured_media":0,"comment_status":"open","ping_status":"open","sticky":false,"template":"","format":"standard","meta":{"_bbp_topic_count":0,"_bbp_reply_count":0,"_bbp_total_topic_count":0,"_bbp_total_reply_count":0,"_bbp_voice_count":0,"_bbp_anonymous_reply_count":0,"_bbp_topic_count_hidden":0,"_bbp_reply_count_hidden":0,"_bbp_forum_subforum_count":0,"footnotes":""},"categories":[15,1],"tags":[],"class_list":["post-21982","post","type-post","status-publish","format-standard","hentry","category-6e","category-general"],"post_mailing_queue_ids":[],"_links":{"self":[{"href":"https:\/\/agora.xtec.cat\/esc-renaixencahostalets\/wp-json\/wp\/v2\/posts\/21982","targetHints":{"allow":["GET"]}}],"collection":[{"href":"https:\/\/agora.xtec.cat\/esc-renaixencahostalets\/wp-json\/wp\/v2\/posts"}],"about":[{"href":"https:\/\/agora.xtec.cat\/esc-renaixencahostalets\/wp-json\/wp\/v2\/types\/post"}],"author":[{"embeddable":true,"href":"https:\/\/agora.xtec.cat\/esc-renaixencahostalets\/wp-json\/wp\/v2\/users\/107"}],"replies":[{"embeddable":true,"href":"https:\/\/agora.xtec.cat\/esc-renaixencahostalets\/wp-json\/wp\/v2\/comments?post=21982"}],"version-history":[{"count":5,"href":"https:\/\/agora.xtec.cat\/esc-renaixencahostalets\/wp-json\/wp\/v2\/posts\/21982\/revisions"}],"predecessor-version":[{"id":22007,"href":"https:\/\/agora.xtec.cat\/esc-renaixencahostalets\/wp-json\/wp\/v2\/posts\/21982\/revisions\/22007"}],"wp:attachment":[{"href":"https:\/\/agora.xtec.cat\/esc-renaixencahostalets\/wp-json\/wp\/v2\/media?parent=21982"}],"wp:term":[{"taxonomy":"category","embeddable":true,"href":"https:\/\/agora.xtec.cat\/esc-renaixencahostalets\/wp-json\/wp\/v2\/categories?post=21982"},{"taxonomy":"post_tag","embeddable":true,"href":"https:\/\/agora.xtec.cat\/esc-renaixencahostalets\/wp-json\/wp\/v2\/tags?post=21982"}],"curies":[{"name":"wp","href":"https:\/\/api.w.org\/{rel}","templated":true}]}}