{"id":21966,"date":"2026-03-02T22:30:33","date_gmt":"2026-03-02T21:30:33","guid":{"rendered":"https:\/\/agora.xtec.cat\/esc-renaixencahostalets\/?p=21966"},"modified":"2026-03-02T22:30:33","modified_gmt":"2026-03-02T21:30:33","slug":"conta-contes-quan-els-contes-prenen-vida","status":"publish","type":"post","link":"https:\/\/agora.xtec.cat\/esc-renaixencahostalets\/general\/conta-contes-quan-els-contes-prenen-vida\/","title":{"rendered":"Conta contes: quan els contes prenen vida"},"content":{"rendered":"<p>Al llarg del curs, a l\u2019<span class=\"gmail_default\">etapa<\/span>\u00a0<span class=\"gmail_default\">d&#8217;Educaci\u00f3\u00a0<\/span>Infantil del nostre\u00a0<span class=\"gmail_default\">I<\/span>nstitut\u00a0<span class=\"gmail_default\">E<\/span>scola, vivim moments molt especials gr\u00e0cies a les diferents sessions de conta<span class=\"gmail_default\">\u00a0<\/span>contes que organitzem per\u00a0<span class=\"gmail_default\">als\u00a0<\/span>infants.<\/p>\n<p>Ens acompanyen l\u2019<strong>Anna Garc\u00eda<\/strong>\u00a0i la\u00a0<strong>Laia Forcadell<\/strong>, que ens fan gaudir de contes visuals, din\u00e0mics i plens de material manipulatiu. Les seves hist\u00f2ries no nom\u00e9s s\u2019escolten, sin\u00f3 que tamb\u00e9 es veuen i\u00a0e<span class=\"gmail_default\">s toquen<\/span>. Titelles, objectes, escenografies i petits detalls transformen cada sessi\u00f3 en una experi\u00e8ncia que desperta la curiositat i la imaginaci\u00f3 dels nens i nenes.<\/p>\n<p>Aquestes trobades fomenten\u00a0l\u2019atenci\u00f3, el llenguatge oral i la capacitat d\u2019emocionar-se amb les hist\u00f2ries. A m\u00e9s, esdevenen un espai compartit on l\u2019escolta i la sorpresa creen un clima m\u00e0gic a l\u2019aula.<\/p>\n<p>Volem agrair especialment el suport de l\u2019<strong>Ajuntament dels Hostalets de Pierola<\/strong>, que des de fa molts anys subvenciona aquesta activitat i fa possible que el nostre alumnat pugui gaudir d\u2019aquestes propostes culturals tan enriquidores.<\/p>\n<p><a href=\"https:\/\/agora.xtec.cat\/esc-renaixencahostalets\/wp-content\/uploads\/usu1823\/2026\/03\/WhatsApp-Image-2026-03-02-at-10.11.42.jpeg\"><img loading=\"lazy\" decoding=\"async\" class=\"alignnone size-large wp-image-21967\" src=\"https:\/\/agora.xtec.cat\/esc-renaixencahostalets\/wp-content\/uploads\/usu1823\/2026\/03\/WhatsApp-Image-2026-03-02-at-10.11.42-768x1024.jpeg\" alt=\"\" width=\"768\" height=\"1024\" srcset=\"https:\/\/agora.xtec.cat\/esc-renaixencahostalets\/wp-content\/uploads\/usu1823\/2026\/03\/WhatsApp-Image-2026-03-02-at-10.11.42-768x1024.jpeg 768w, https:\/\/agora.xtec.cat\/esc-renaixencahostalets\/wp-content\/uploads\/usu1823\/2026\/03\/WhatsApp-Image-2026-03-02-at-10.11.42-225x300.jpeg 225w, https:\/\/agora.xtec.cat\/esc-renaixencahostalets\/wp-content\/uploads\/usu1823\/2026\/03\/WhatsApp-Image-2026-03-02-at-10.11.42-1152x1536.jpeg 1152w, https:\/\/agora.xtec.cat\/esc-renaixencahostalets\/wp-content\/uploads\/usu1823\/2026\/03\/WhatsApp-Image-2026-03-02-at-10.11.42.jpeg 1536w\" sizes=\"auto, (max-width: 768px) 100vw, 768px\" \/><\/a><\/p>\n","protected":false},"excerpt":{"rendered":"<p>Al llarg del curs, a l\u2019etapa\u00a0d&#8217;Educaci\u00f3\u00a0Infantil del nostre\u00a0Institut\u00a0Escola, vivim moments molt especials gr\u00e0cies a les diferents sessions de conta\u00a0contes que organitzem per\u00a0als\u00a0infants.<br \/>\nEns acompanyen l\u2019Anna Garc\u00eda\u00a0i la\u00a0Laia Forcadell, que ens fan gaudir de contes visuals, din\u00e0mics i plens de material manipulatiu. Les seves hist\u00f2ries no nom\u00e9s&hellip;  <a href=\"https:\/\/agora.xtec.cat\/esc-renaixencahostalets\/general\/conta-contes-quan-els-contes-prenen-vida\/\" title=\"Read Conta contes: quan els contes prenen vida\">Llegeix m\u00e9s\u00bb<\/a><\/p>\n","protected":false},"author":108,"featured_media":0,"comment_status":"open","ping_status":"open","sticky":false,"template":"","format":"standard","meta":{"_bbp_topic_count":0,"_bbp_reply_count":0,"_bbp_total_topic_count":0,"_bbp_total_reply_count":0,"_bbp_voice_count":0,"_bbp_anonymous_reply_count":0,"_bbp_topic_count_hidden":0,"_bbp_reply_count_hidden":0,"_bbp_forum_subforum_count":0,"footnotes":""},"categories":[1,3,8,9],"tags":[],"class_list":["post-21966","post","type-post","status-publish","format-standard","hentry","category-general","category-i3","category-i4","category-i5"],"post_mailing_queue_ids":[],"_links":{"self":[{"href":"https:\/\/agora.xtec.cat\/esc-renaixencahostalets\/wp-json\/wp\/v2\/posts\/21966","targetHints":{"allow":["GET"]}}],"collection":[{"href":"https:\/\/agora.xtec.cat\/esc-renaixencahostalets\/wp-json\/wp\/v2\/posts"}],"about":[{"href":"https:\/\/agora.xtec.cat\/esc-renaixencahostalets\/wp-json\/wp\/v2\/types\/post"}],"author":[{"embeddable":true,"href":"https:\/\/agora.xtec.cat\/esc-renaixencahostalets\/wp-json\/wp\/v2\/users\/108"}],"replies":[{"embeddable":true,"href":"https:\/\/agora.xtec.cat\/esc-renaixencahostalets\/wp-json\/wp\/v2\/comments?post=21966"}],"version-history":[{"count":2,"href":"https:\/\/agora.xtec.cat\/esc-renaixencahostalets\/wp-json\/wp\/v2\/posts\/21966\/revisions"}],"predecessor-version":[{"id":21969,"href":"https:\/\/agora.xtec.cat\/esc-renaixencahostalets\/wp-json\/wp\/v2\/posts\/21966\/revisions\/21969"}],"wp:attachment":[{"href":"https:\/\/agora.xtec.cat\/esc-renaixencahostalets\/wp-json\/wp\/v2\/media?parent=21966"}],"wp:term":[{"taxonomy":"category","embeddable":true,"href":"https:\/\/agora.xtec.cat\/esc-renaixencahostalets\/wp-json\/wp\/v2\/categories?post=21966"},{"taxonomy":"post_tag","embeddable":true,"href":"https:\/\/agora.xtec.cat\/esc-renaixencahostalets\/wp-json\/wp\/v2\/tags?post=21966"}],"curies":[{"name":"wp","href":"https:\/\/api.w.org\/{rel}","templated":true}]}}